{"id":1233421,"date":"2021-10-17T18:49:11","date_gmt":"2021-10-17T23:49:11","guid":{"rendered":"https:\/\/www.acapulco.press\/?p=1233421"},"modified":"2021-10-17T18:49:11","modified_gmt":"2021-10-17T23:49:11","slug":"reitera-gilberto-solano-compromiso-de-gobernar-sin-banderas-partidistas","status":"publish","type":"post","link":"https:\/\/www.acapulcopress.com\/index.php\/2021\/10\/17\/reitera-gilberto-solano-compromiso-de-gobernar-sin-banderas-partidistas\/","title":{"rendered":"Reitera Gilberto Solano compromiso de gobernar sin banderas partidistas"},"content":{"rendered":"<p style=\"text-align: justify;\">TLAPAN DE COMONFORT. * 17 de octubre de 2021.<br \/>\n<em>) Especial.<\/em><br \/>\n\u201cEn mi gobierno voy a servir a todos los ciudadanos sin distinci\u00f3n, aqu\u00ed las banderas partidistas est\u00e1n guardadas\u201d, asegur\u00f3 el <img loading=\"lazy\" decoding=\"async\" class=\"alignleft size-medium wp-image-1233424\" src=\"https:\/\/www.acapulco.press\/wp-content\/uploads\/2021\/10\/gilsolar3-375x211.jpg\" alt=\"\" width=\"375\" height=\"211\" \/>primer presidente municipal ind\u00edgena de Tlapa, Gilberto Solano Arreaga durante su visita a Llano de Santa Cruz, Santa Mar\u00eda Tonaya y Las Pilas, en donde se llevaron a cabo los foros ciudadanos \u201cPor la Grandeza de Tlapa\u201d.<\/p>\n<p>El primer edil consider\u00f3 estos foros de consulta como una forma de ejercer la democracia y escuchar la voz de quienes<br \/>\nviven y conocen a profundidad las problem\u00e1ticas de los pueblos originarios, as\u00ed como en la zona urbana de la ciudad.<\/p>\n<p><img loading=\"lazy\" decoding=\"async\" class=\"alignleft size-medium wp-image-1233423\" src=\"https:\/\/www.acapulco.press\/wp-content\/uploads\/2021\/10\/gilsolar2-375x211.jpg\" alt=\"\" width=\"375\" height=\"211\" \/>\u201cEstamos trabajando y quiero decirle al pueblo que ya no tienen que andar buscando a los pol\u00edticos cuando tengan alguna petici\u00f3n, solicitud o necesidad, porque nosotros vamos a estar a sus \u00f3rdenes, los escucharemos y los vamos a atender como se merecen\u201d, dijo el primer edil.<\/p>\n<p>Solano Arreaga les asegur\u00f3 que van a contar con su presidente municipal y el Cabildo, as\u00ed como con la presidenta honor\u00edfica del DIF, Guadalupe Alarc\u00f3n Arcos, quien ha estado tambi\u00e9n al frente de estos foros, poni\u00e9ndose a la orden y escuchando el sentir <img loading=\"lazy\" decoding=\"async\" class=\"alignleft size-medium wp-image-1233422\" src=\"https:\/\/www.acapulco.press\/wp-content\/uploads\/2021\/10\/gilsolar-375x211.jpg\" alt=\"\" width=\"375\" height=\"211\" \/>ciudadano.<\/p>\n<p>En su participaci\u00f3n, Alarc\u00f3n Arcos les pidi\u00f3 a los habitantes de la zona tlapaneca que siempre tengan la mirada al frente, que nunca se agachen y que se sientan orgullosos de pertenecer a pueblos originarios, que pidan a sus gobiernos lo que necesitan, pues su voz es la que manda: \u201cestaremos al pendiente de ustedes y nos vamos a llevar sus prioridades para darles soluciones\u201d, puntualiz\u00f3.<\/p>\n","protected":false},"excerpt":{"rendered":"<p>TLAPAN DE COMONFORT. * 17 de octubre de 2021. ) Especial. \u201cEn mi gobierno voy a servir a todos los ciudadanos sin distinci\u00f3n, aqu\u00ed las banderas partidistas est\u00e1n guardadas\u201d, asegur\u00f3 el primer presidente municipal ind\u00edgena de Tlapa, Gilberto Solano Arreaga durante su visita a Llano de Santa Cruz, Santa Mar\u00eda Tonaya y Las Pilas, en&#8230;<\/p>\n","protected":false},"author":2,"featured_media":1233425,"comment_status":"closed","ping_status":"closed","sticky":false,"template":"","format":"standard","meta":{"footnotes":""},"categories":[18589,18561],"tags":[4495,9199,9321],"class_list":["post-1233421","post","type-post","status-publish","format-standard","has-post-thumbnail","hentry","category-gobierno-de-tlapa","category-society-politics","tag-ayuntamiento-de-tlapa","tag-gilberto-solano-arreaga","tag-gobierno-de-tlapa"],"_links":{"self":[{"href":"https:\/\/www.acapulcopress.com\/index.php\/wp-json\/wp\/v2\/posts\/1233421","targetHints":{"allow":["GET"]}}],"collection":[{"href":"https:\/\/www.acapulcopress.com\/index.php\/wp-json\/wp\/v2\/posts"}],"about":[{"href":"https:\/\/www.acapulcopress.com\/index.php\/wp-json\/wp\/v2\/types\/post"}],"author":[{"embeddable":true,"href":"https:\/\/www.acapulcopress.com\/index.php\/wp-json\/wp\/v2\/users\/2"}],"replies":[{"embeddable":true,"href":"https:\/\/www.acapulcopress.com\/index.php\/wp-json\/wp\/v2\/comments?post=1233421"}],"version-history":[{"count":0,"href":"https:\/\/www.acapulcopress.com\/index.php\/wp-json\/wp\/v2\/posts\/1233421\/revisions"}],"wp:featuredmedia":[{"embeddable":true,"href":"https:\/\/www.acapulcopress.com\/index.php\/wp-json\/"}],"wp:attachment":[{"href":"https:\/\/www.acapulcopress.com\/index.php\/wp-json\/wp\/v2\/media?parent=1233421"}],"wp:term":[{"taxonomy":"category","embeddable":true,"href":"https:\/\/www.acapulcopress.com\/index.php\/wp-json\/wp\/v2\/categories?post=1233421"},{"taxonomy":"post_tag","embeddable":true,"href":"https:\/\/www.acapulcopress.com\/index.php\/wp-json\/wp\/v2\/tags?post=1233421"}],"curies":[{"name":"wp","href":"https:\/\/api.w.org\/{rel}","templated":true}]}}