{"id":1233431,"date":"2021-10-18T19:06:19","date_gmt":"2021-10-19T00:06:19","guid":{"rendered":"https:\/\/www.acapulco.press\/?p=1233431"},"modified":"2021-10-18T19:06:19","modified_gmt":"2021-10-19T00:06:19","slug":"implementa-fiscalia-guerrero-busqueda-de-feminicida-de-ayutla","status":"publish","type":"post","link":"https:\/\/www.acapulcopress.com\/index.php\/2021\/10\/18\/implementa-fiscalia-guerrero-busqueda-de-feminicida-de-ayutla\/","title":{"rendered":"Implementa Fiscal\u00eda Guerrero b\u00fasqueda de feminicida de Ayutla"},"content":{"rendered":"<p style=\"text-align: justify;\">CHILPANCINGO, Gro. * 18 de septiembre de 2021.<br \/>\n<em>] <a href=\"https:\/\/fiscaliaguerrero.gob.mx\" target=\"_blank\" rel=\"noopener\">https:\/\/fiscaliaguerrero.gob.mx<\/a>.<\/em><\/p>\n<p style=\"text-align: justify;\">La Fiscal\u00eda General del Estado a trav\u00e9s de la Fiscal\u00eda Regional de Costa Chica, inici\u00f3 investigaci\u00f3n con perspectiva de g\u00e9nero por el delito de feminicidio en contra de Julio C\u00e9sar \u00abN\u00bb, como probable responsable del delito de feminicidio y tentativa de feminicidio en agravio de tres f\u00e9minas, en el municipio de Ayutla de los Libres.<\/p>\n<p style=\"text-align: justify;\">Y por instrucci\u00f3n del Fiscal General, Jorge Zuriel de los Santos Barrila, el Fiscal Regional de Costa Chica, Marco Contreras Mel\u00e9ndez, y el Coordinador General de Servicios Periciales, Jos\u00e9 Manuel Mart\u00ednez Hern\u00e1ndez, se encuentran personalmente realizando la investigaci\u00f3n correspondiente.<\/p>\n<p style=\"text-align: justify;\">Los hechos se presentaron en la colonia San Jos\u00e9, del municipio en menci\u00f3n, cuando el imputado se encontraba discutiendo con su concubina en el domicilio que ambos habitaban; al ver las j\u00f3venes que pretend\u00eda agredir a su madre intentaron defenderla, lo que ocasion\u00f3 que dos de ellas fueran privadas de la vida por arma de fuego y (la mam\u00e1) qued\u00f3 lesionada de gravedad.<\/p>\n<p style=\"text-align: justify;\">Ante esto, la Fiscal\u00eda General del Estado ya despleg\u00f3 un operativo de b\u00fasqueda y localizaci\u00f3n en la regi\u00f3n de Costa Chica, para dar con el paradero del probable responsable y llevarlo ante la autoridad correspondiente.<\/p>\n","protected":false},"excerpt":{"rendered":"<p>CHILPANCINGO, Gro. * 18 de septiembre de 2021. ] https:\/\/fiscaliaguerrero.gob.mx. La Fiscal\u00eda General del Estado a trav\u00e9s de la Fiscal\u00eda Regional de Costa Chica, inici\u00f3 investigaci\u00f3n con perspectiva de g\u00e9nero por el delito de feminicidio en contra de Julio C\u00e9sar \u00abN\u00bb, como probable responsable del delito de feminicidio y tentativa de feminicidio en agravio de&#8230;<\/p>\n","protected":false},"author":2,"featured_media":1203771,"comment_status":"closed","ping_status":"closed","sticky":false,"template":"","format":"standard","meta":{"footnotes":""},"categories":[1969,2005],"tags":[8703,10946,14737],"class_list":["post-1233431","post","type-post","status-publish","format-standard","has-post-thumbnail","hentry","category-trending","category-seguridad-y-justicia","tag-fiscalia-general-del-estado-de-guerrero-fge","tag-jorge-zuriel-de-los-santos-barrila","tag-policia-ministerial-de-guerrero"],"_links":{"self":[{"href":"https:\/\/www.acapulcopress.com\/index.php\/wp-json\/wp\/v2\/posts\/1233431","targetHints":{"allow":["GET"]}}],"collection":[{"href":"https:\/\/www.acapulcopress.com\/index.php\/wp-json\/wp\/v2\/posts"}],"about":[{"href":"https:\/\/www.acapulcopress.com\/index.php\/wp-json\/wp\/v2\/types\/post"}],"author":[{"embeddable":true,"href":"https:\/\/www.acapulcopress.com\/index.php\/wp-json\/wp\/v2\/users\/2"}],"replies":[{"embeddable":true,"href":"https:\/\/www.acapulcopress.com\/index.php\/wp-json\/wp\/v2\/comments?post=1233431"}],"version-history":[{"count":0,"href":"https:\/\/www.acapulcopress.com\/index.php\/wp-json\/wp\/v2\/posts\/1233431\/revisions"}],"wp:featuredmedia":[{"embeddable":true,"href":"https:\/\/www.acapulcopress.com\/index.php\/wp-json\/"}],"wp:attachment":[{"href":"https:\/\/www.acapulcopress.com\/index.php\/wp-json\/wp\/v2\/media?parent=1233431"}],"wp:term":[{"taxonomy":"category","embeddable":true,"href":"https:\/\/www.acapulcopress.com\/index.php\/wp-json\/wp\/v2\/categories?post=1233431"},{"taxonomy":"post_tag","embeddable":true,"href":"https:\/\/www.acapulcopress.com\/index.php\/wp-json\/wp\/v2\/tags?post=1233431"}],"curies":[{"name":"wp","href":"https:\/\/api.w.org\/{rel}","templated":true}]}}