{"id":1233436,"date":"2021-10-19T18:56:36","date_gmt":"2021-10-19T23:56:36","guid":{"rendered":"https:\/\/www.acapulco.press\/?p=1233436"},"modified":"2021-10-19T18:56:36","modified_gmt":"2021-10-19T23:56:36","slug":"fge-proceso-a-un-abusador-sexual-de-taxco-y-captura-a-un-violador-en-zihuatanejo","status":"publish","type":"post","link":"https:\/\/www.acapulcopress.com\/index.php\/2021\/10\/19\/fge-proceso-a-un-abusador-sexual-de-taxco-y-captura-a-un-violador-en-zihuatanejo\/","title":{"rendered":"FGE proceso a un abusador sexual de Taxco y captura a un violador en Zihuatanejo"},"content":{"rendered":"<p style=\"text-align: justify;\">CHILPANCINGO, Gro. * 18 de septiembre de 2021.<br \/>\n<em>] <a href=\"https:\/\/fiscaliaguerrero.gob.mx\" target=\"_blank\" rel=\"noopener\">https:\/\/fiscaliaguerrero.gob.mx<\/a>.<\/em><\/p>\n<p style=\"text-align: justify;\">Fiscal\u00eda de Guerrero a trav\u00e9s de la Polic\u00eda Investigadora Ministerial de Taxco de Alarc\u00f3n, dio cumplimiento al mandato judicial en contra de quien dijo llamarse Jos\u00e9 Luis \u00abN\u00bb, detenido en la comunidad de Rancho Viejo como probable responsable del delito de abuso sexual, carpeta judicial C-14\/2015, quedando a disposici\u00f3n del Juez de Control y Enjuiciamiento penal en Iguala de la Independencia, Guerrero.<\/p>\n<p>En otra caso, e Ministerio P\u00fablico de Zihuatanejo obtuvo del juez vinculaci\u00f3n a proceso en contra de Jorge \u00abN\u00bb, como probable responsable del delito de violaci\u00f3n equiparada agravada.<\/p>\n<p style=\"text-align: justify;\">El imputado es acusado por hechos en la carpeta judicial C-349\/2021, como quien cometi\u00f3 el delito en agravio de la menor v\u00edctima desde septiembre de 2018, aprovechando que la madre sal\u00eda a trabajar.<\/p>\n<p style=\"text-align: justify;\">En audiencia inicial el Ministerio P\u00fablico aport\u00f3 los datos de prueba ante el Juez de Control y Enjuiciamiento penal, dictando vinculaci\u00f3n a proceso en contra de Jorge \u00abN\u00bb, quedando interno en el Centro de Reinserci\u00f3n Social de Zihuatanejo de Azueta, bajo la medida cautelar de prisi\u00f3n preventiva oficiosa, otorgando un plazo de tres meses de investigaci\u00f3n complementaria.<\/p>\n<p style=\"text-align: justify;\">La Fiscal\u00eda General del Estado continuar\u00e1 investigando los delitos del fuero com\u00fan y con especial seguimiento los cometidos en temas de igualdad de g\u00e9nero y menores de edad en el estado de Guerrero.<\/p>\n<p>LADRON DE AUTOS CAPTURADO<\/p>\n<p>Fiscal\u00eda de Guerrero, a trav\u00e9s de la Polic\u00eda Investigadora Ministerial regi\u00f3n Centro, tambi\u00e9n dio cumplimiento a la orden de reaprehensi\u00f3n en contra de Miguel \u00c1ngel \u00abN\u00bb, detenido como probable responsable del delito de robo de veh\u00edculo, hechos en la causa penal 191\/2006, quedando a disposici\u00f3n del juez, interno en el Centro de Reinserci\u00f3n Social de Chilapa de \u00c1lvarez.<\/p>\n<p style=\"text-align: justify;\">\n","protected":false},"excerpt":{"rendered":"<p>CHILPANCINGO, Gro. * 18 de septiembre de 2021. ] https:\/\/fiscaliaguerrero.gob.mx. Fiscal\u00eda de Guerrero a trav\u00e9s de la Polic\u00eda Investigadora Ministerial de Taxco de Alarc\u00f3n, dio cumplimiento al mandato judicial en contra de quien dijo llamarse Jos\u00e9 Luis \u00abN\u00bb, detenido en la comunidad de Rancho Viejo como probable responsable del delito de abuso sexual, carpeta judicial&#8230;<\/p>\n","protected":false},"author":2,"featured_media":1233354,"comment_status":"closed","ping_status":"closed","sticky":false,"template":"","format":"standard","meta":{"footnotes":""},"categories":[2019],"tags":[],"class_list":["post-1233436","post","type-post","status-publish","format-standard","has-post-thumbnail","hentry","category-popular-news"],"_links":{"self":[{"href":"https:\/\/www.acapulcopress.com\/index.php\/wp-json\/wp\/v2\/posts\/1233436","targetHints":{"allow":["GET"]}}],"collection":[{"href":"https:\/\/www.acapulcopress.com\/index.php\/wp-json\/wp\/v2\/posts"}],"about":[{"href":"https:\/\/www.acapulcopress.com\/index.php\/wp-json\/wp\/v2\/types\/post"}],"author":[{"embeddable":true,"href":"https:\/\/www.acapulcopress.com\/index.php\/wp-json\/wp\/v2\/users\/2"}],"replies":[{"embeddable":true,"href":"https:\/\/www.acapulcopress.com\/index.php\/wp-json\/wp\/v2\/comments?post=1233436"}],"version-history":[{"count":0,"href":"https:\/\/www.acapulcopress.com\/index.php\/wp-json\/wp\/v2\/posts\/1233436\/revisions"}],"wp:featuredmedia":[{"embeddable":true,"href":"https:\/\/www.acapulcopress.com\/index.php\/wp-json\/"}],"wp:attachment":[{"href":"https:\/\/www.acapulcopress.com\/index.php\/wp-json\/wp\/v2\/media?parent=1233436"}],"wp:term":[{"taxonomy":"category","embeddable":true,"href":"https:\/\/www.acapulcopress.com\/index.php\/wp-json\/wp\/v2\/categories?post=1233436"},{"taxonomy":"post_tag","embeddable":true,"href":"https:\/\/www.acapulcopress.com\/index.php\/wp-json\/wp\/v2\/tags?post=1233436"}],"curies":[{"name":"wp","href":"https:\/\/api.w.org\/{rel}","templated":true}]}}