{"id":1233442,"date":"2021-10-19T19:13:00","date_gmt":"2021-10-20T00:13:00","guid":{"rendered":"https:\/\/www.acapulco.press\/?p=1233442"},"modified":"2021-10-19T19:13:00","modified_gmt":"2021-10-20T00:13:00","slug":"ordena-abelina-despidos-masivos","status":"publish","type":"post","link":"https:\/\/www.acapulcopress.com\/index.php\/2021\/10\/19\/ordena-abelina-despidos-masivos\/","title":{"rendered":"Ordena #Abelina despidos masivos"},"content":{"rendered":"<p style=\"text-align: justify;\">\u00bb <strong>Fulgencio Ram\u00edrez<\/strong><br \/>\n] ACAPULCO, Gro. * 19 de septiembre de 2021.<br \/>\n<em>) Mundo 21.<br \/>\n<\/em>El gobierno municipal de Acapulco que representa la alcaldesa Abelina L\u00f3pez Rodr\u00edguez despidi\u00f3 a m\u00e1s de un centenar de <img loading=\"lazy\" decoding=\"async\" class=\"alignleft size-medium wp-image-1233444\" src=\"https:\/\/www.acapulco.press\/wp-content\/uploads\/2021\/10\/DESPIDOS-AYTOACA2-375x500.jpeg\" alt=\"\" width=\"375\" height=\"500\" \/>trabajadores de la coordinaci\u00f3n de Servicios P\u00fablicos municipales, con la excusa de que no hay dinero para pagar la quincena, y se\u00f1alar como responsable de la situaci\u00f3n a la irresponsabilidad de la pasada administraci\u00f3n.<\/p>\n<p style=\"text-align: justify;\">Desde temprana hora, empleados de los Servicios P\u00fablicos acudieron al Palacio Municipal Papagayo para exigir el pago de la quincena ya devengada, pero ante la ni\u00f1a respuesta de las autoridades, procedieron a bloquear la avenida Cuauht\u00e9moc, en sus dos sentidos. Luego de cinco minutos, la Secretar\u00eda General, a trav\u00e9s de la Subsecretar\u00eda de Asuntos Pol\u00edticos, Sociales y Religiosos, accedi\u00f3 a atenderlos.<\/p>\n<p style=\"text-align: justify;\">El responsable de la Subsecretar\u00eda, Antonio Lorenzo Rojas Marcial, en compa\u00f1\u00eda del coordinador de los Servicios P\u00fablicos, Alejandro Sotelo Uri\u00f3stegui, as\u00ed como de un funcionario de Recursos Humanos, les inform\u00f3 a los inconformes que estaban dados de baja ante la falta de liquidez, reiterando que todo fue por irresponsabilidad de la pasada administraci\u00f3n que encabez\u00f3 Adela Rom\u00e1n, quien \u00abno dej\u00f3 ni un peso en caja\u00bb.<\/p>\n<p style=\"text-align: justify;\">La propuesta que le hicieron a los trabajadores fue que les pagar\u00e1n la quincena devengada y dos m\u00e1s como liquidaci\u00f3n, lo que gener\u00f3 mucha molestia e inconformidad de los afectados.<\/p>\n<p><img loading=\"lazy\" decoding=\"async\" class=\"alignnone wp-image-1233446 size-large\" src=\"https:\/\/www.acapulco.press\/wp-content\/uploads\/2021\/10\/DESPIDOS-AYTOACA4-840x630.jpeg\" alt=\"\" width=\"840\" height=\"630\" \/><\/p>\n","protected":false},"excerpt":{"rendered":"<p>\u00bb Fulgencio Ram\u00edrez ] ACAPULCO, Gro. * 19 de septiembre de 2021. ) Mundo 21. El gobierno municipal de Acapulco que representa la alcaldesa Abelina L\u00f3pez Rodr\u00edguez despidi\u00f3 a m\u00e1s de un centenar de trabajadores de la coordinaci\u00f3n de Servicios P\u00fablicos municipales, con la excusa de que no hay dinero para pagar la quincena, y&#8230;<\/p>\n","protected":false},"author":2,"featured_media":1233445,"comment_status":"closed","ping_status":"closed","sticky":false,"template":"","format":"standard","meta":{"footnotes":""},"categories":[1997],"tags":[4485,9279],"class_list":["post-1233442","post","type-post","status-publish","format-standard","has-post-thumbnail","hentry","category-noticias-destacadas","tag-ayuntamiento-de-acapulco","tag-gobierno-de-acapulco"],"_links":{"self":[{"href":"https:\/\/www.acapulcopress.com\/index.php\/wp-json\/wp\/v2\/posts\/1233442","targetHints":{"allow":["GET"]}}],"collection":[{"href":"https:\/\/www.acapulcopress.com\/index.php\/wp-json\/wp\/v2\/posts"}],"about":[{"href":"https:\/\/www.acapulcopress.com\/index.php\/wp-json\/wp\/v2\/types\/post"}],"author":[{"embeddable":true,"href":"https:\/\/www.acapulcopress.com\/index.php\/wp-json\/wp\/v2\/users\/2"}],"replies":[{"embeddable":true,"href":"https:\/\/www.acapulcopress.com\/index.php\/wp-json\/wp\/v2\/comments?post=1233442"}],"version-history":[{"count":0,"href":"https:\/\/www.acapulcopress.com\/index.php\/wp-json\/wp\/v2\/posts\/1233442\/revisions"}],"wp:featuredmedia":[{"embeddable":true,"href":"https:\/\/www.acapulcopress.com\/index.php\/wp-json\/"}],"wp:attachment":[{"href":"https:\/\/www.acapulcopress.com\/index.php\/wp-json\/wp\/v2\/media?parent=1233442"}],"wp:term":[{"taxonomy":"category","embeddable":true,"href":"https:\/\/www.acapulcopress.com\/index.php\/wp-json\/wp\/v2\/categories?post=1233442"},{"taxonomy":"post_tag","embeddable":true,"href":"https:\/\/www.acapulcopress.com\/index.php\/wp-json\/wp\/v2\/tags?post=1233442"}],"curies":[{"name":"wp","href":"https:\/\/api.w.org\/{rel}","templated":true}]}}