{"id":1233460,"date":"2021-10-19T20:35:14","date_gmt":"2021-10-20T01:35:14","guid":{"rendered":"https:\/\/www.acapulco.press\/?p=1233460"},"modified":"2021-10-19T20:35:14","modified_gmt":"2021-10-20T01:35:14","slug":"capturan-violador-de-la-montana-que-abuso-de-una-menor-mientras-dormia","status":"publish","type":"post","link":"https:\/\/www.acapulcopress.com\/index.php\/2021\/10\/19\/capturan-violador-de-la-montana-que-abuso-de-una-menor-mientras-dormia\/","title":{"rendered":"Capturan violador de La Monta\u00f1a que abus\u00f3 de una menor mientras dorm\u00eda"},"content":{"rendered":"<p style=\"text-align: justify;\">] CHILPANCINGO. * 19 de septiembre de 2021.<br \/>\n<em>) <a href=\"https:\/\/fiscaliaguerrero.gob.mx\" target=\"_blank\" rel=\"noopener\">https:\/\/fiscaliaguerrero.gob.mx<\/a>.<\/em><\/p>\n<p style=\"text-align: justify;\">Como probable responsable del delito de violaci\u00f3n equiparada, la Polic\u00eda Investigadora Ministerial de la Monta\u00f1a cumpliment\u00f3 la orden de aprehensi\u00f3n en contra de Jos\u00e9 Alfredo \u00abN\u00bb, quedando a disposici\u00f3n del Juez de Control.<\/p>\n<p style=\"text-align: justify;\">De acuerdo a los hechos, el imputado hizo tocamientos inapropiados a la menor v\u00edctima mientras dorm\u00eda hasta cometer el delito.<\/p>\n<p style=\"text-align: justify;\">El imputado qued\u00f3 a disposici\u00f3n del Juez de Control y Enjuiciamiento penal, en espera de que se programe la audiencia inicial que determinar\u00e1 la situaci\u00f3n jur\u00eddica.<\/p>\n<p style=\"text-align: justify;\">La Fiscal\u00eda General del Estado continuar\u00e1 investigando los delitos del fuero com\u00fan y con especial seguimiento los cometidos en temas de igualdad de g\u00e9nero y menores de edad en el estado de Guerrero.<\/p>\n<p style=\"text-align: justify;\"><strong>POR ROBO CALIFICADO APREHENDEN A LADR\u00d3N EN ACAPULCO<\/strong><\/p>\n<p><img loading=\"lazy\" decoding=\"async\" class=\"alignnone wp-image-1233462 \" src=\"https:\/\/www.acapulco.press\/wp-content\/uploads\/2021\/10\/jesus.jpg\" alt=\"\" width=\"804\" height=\"804\" \/><\/p>\n<p>Fiscal\u00eda de Guerrero a trav\u00e9s de la Polic\u00eda Investigadora Ministerial dio cumplimiento al mandato judicial en contra de Jes\u00fas \u00abN\u00bb, como probable responsable del delito de robo calificado en la causa penal 110-1\/2014, quedando el imputado ante el Juez D\u00e9cimo de Primera Instancia penal del Distrito de Tabares.<\/p>\n<p style=\"text-align: justify;\"><strong>CAPTURAN A DOS LADRONES DE VEH\u00cdCULOS DE HUAMUXTITL\u00c1N<\/strong><\/p>\n<p><img loading=\"lazy\" decoding=\"async\" class=\"alignnone wp-image-1233461 \" src=\"https:\/\/www.acapulco.press\/wp-content\/uploads\/2021\/10\/fidel-y-horacio.jpg\" alt=\"\" width=\"802\" height=\"802\" \/><\/p>\n<p>Fiscal\u00eda de Guerrero a trav\u00e9s de la Polic\u00eda Investigadora Ministerial de la Monta\u00f1a, dio cumplimiento a la orden de aprehensi\u00f3n en contra de Fidel \u00abN\u00bb y Horacio \u00abN\u00bb como probables responsables del delito de tentativa de robo de veh\u00edculo y lesiones doloso, en la carpeta judicial C-311\/2021 detenidos en la colonia Emiliano Zapata, en Huamuxtitl\u00e1n, Guerrero, quedando los imputados a disposici\u00f3n del Juez de Control y Enjuiciamiento penal.<\/p>\n","protected":false},"excerpt":{"rendered":"<p>] CHILPANCINGO. * 19 de septiembre de 2021. ) https:\/\/fiscaliaguerrero.gob.mx. Como probable responsable del delito de violaci\u00f3n equiparada, la Polic\u00eda Investigadora Ministerial de la Monta\u00f1a cumpliment\u00f3 la orden de aprehensi\u00f3n en contra de Jos\u00e9 Alfredo \u00abN\u00bb, quedando a disposici\u00f3n del Juez de Control. De acuerdo a los hechos, el imputado hizo tocamientos inapropiados a la&#8230;<\/p>\n","protected":false},"author":2,"featured_media":1233463,"comment_status":"closed","ping_status":"closed","sticky":false,"template":"","format":"standard","meta":{"footnotes":""},"categories":[1969,2005],"tags":[],"class_list":["post-1233460","post","type-post","status-publish","format-standard","has-post-thumbnail","hentry","category-trending","category-seguridad-y-justicia"],"_links":{"self":[{"href":"https:\/\/www.acapulcopress.com\/index.php\/wp-json\/wp\/v2\/posts\/1233460","targetHints":{"allow":["GET"]}}],"collection":[{"href":"https:\/\/www.acapulcopress.com\/index.php\/wp-json\/wp\/v2\/posts"}],"about":[{"href":"https:\/\/www.acapulcopress.com\/index.php\/wp-json\/wp\/v2\/types\/post"}],"author":[{"embeddable":true,"href":"https:\/\/www.acapulcopress.com\/index.php\/wp-json\/wp\/v2\/users\/2"}],"replies":[{"embeddable":true,"href":"https:\/\/www.acapulcopress.com\/index.php\/wp-json\/wp\/v2\/comments?post=1233460"}],"version-history":[{"count":0,"href":"https:\/\/www.acapulcopress.com\/index.php\/wp-json\/wp\/v2\/posts\/1233460\/revisions"}],"wp:featuredmedia":[{"embeddable":true,"href":"https:\/\/www.acapulcopress.com\/index.php\/wp-json\/"}],"wp:attachment":[{"href":"https:\/\/www.acapulcopress.com\/index.php\/wp-json\/wp\/v2\/media?parent=1233460"}],"wp:term":[{"taxonomy":"category","embeddable":true,"href":"https:\/\/www.acapulcopress.com\/index.php\/wp-json\/wp\/v2\/categories?post=1233460"},{"taxonomy":"post_tag","embeddable":true,"href":"https:\/\/www.acapulcopress.com\/index.php\/wp-json\/wp\/v2\/tags?post=1233460"}],"curies":[{"name":"wp","href":"https:\/\/api.w.org\/{rel}","templated":true}]}}