{"id":1233470,"date":"2021-10-19T21:39:33","date_gmt":"2021-10-20T02:39:33","guid":{"rendered":"https:\/\/www.acapulco.press\/?p=1233470"},"modified":"2021-10-19T21:39:33","modified_gmt":"2021-10-20T02:39:33","slug":"festa-del-galeon-de-manila-celebrara-la-historia-entre-acapulco-y-filipinas","status":"publish","type":"post","link":"https:\/\/www.acapulcopress.com\/index.php\/2021\/10\/19\/festa-del-galeon-de-manila-celebrara-la-historia-entre-acapulco-y-filipinas\/","title":{"rendered":"Festa del Gale\u00f3n de Manila celebrar\u00e1 la historia entre Acapulco y Filipinas"},"content":{"rendered":"<p style=\"text-align: justify;\">] ACAPULCO, Gro. * 19 de septiembre de 2021.<br \/>\n<em>) Gobierno de Acapulco.<\/em><\/p>\n<p style=\"text-align: justify;\">Para conmemorar el 456 aniversario del tornaviaje que hizo el Gale\u00f3n de Manila, en Acapulco se llevar\u00e1n a cabo diversas actividades.<\/p>\n<p style=\"text-align: justify;\">En conferencia de prensa, el c\u00f3nsul honorario de Filipinas, Mario de la O Almaz\u00e1n, destac\u00f3 que con este evento se busca resaltar la historia y el intercambio cultural entre Acapulco y Filipinas. Adem\u00e1s, agradeci\u00f3 a la presidenta municipal, Abelina L\u00f3pez Rodr\u00edguez las facilidades y el apoyo brindado para su realizaci\u00f3n.<\/p>\n<p style=\"text-align: justify;\">\u201cAgradecemos todo el apoyo que la presidenta nos ha otorgado; est\u00e1 especialmente interesada no nada m\u00e1s en revivir las tradiciones y hacer sus mejoras que est\u00e1n bien definidas en cuanto al puerto, pero est\u00e1 tambi\u00e9n muy interesada en este caso, apoyar a la embajada de Filipinas en M\u00e9xico y el consulado de Filipinas en Acapulco y por eso nos ha apoyado excelentemente bien\u201d, dijo el c\u00f3nsul, quien augur\u00f3 que se tratar\u00e1 de un evento excepcional.<\/p>\n<p style=\"text-align: justify;\">Por su parte, el secretario de Turismo Municipal, David Abarca Rodr\u00edguez, puntualiz\u00f3 que con dicha celebraci\u00f3n, se espera tener una buena derrama econ\u00f3mica y que Acapulco resurja.<\/p>\n<p style=\"text-align: justify;\">Agreg\u00f3 que las actividades se har\u00e1n con estricto apego a los protocolos sanitarios para evitar contagios de Covid 19.<\/p>\n<p style=\"text-align: justify;\">Como parte del programa se espera la visita de cortes\u00eda del embajador extraordinario y plenipotenciario de Filipinas, Demetrio R. Tuason, a la presidencia municipal.<\/p>\n<p style=\"text-align: justify;\">A las 5:00 de la tarde se colocar\u00e1 una ofrenda floral en la Plaza M\u00e9xico \u2013 Filipinas, ubicada a un costado del Fuerte de San Diego, posteriormente se presentar\u00e1 el espect\u00e1culo acu\u00e1tico Aca-Ski en el Parque de La Reina, donde tambi\u00e9n se har\u00e1 una remembranza hist\u00f3rica sobre el Gale\u00f3n de Manila.<\/p>\n<p style=\"text-align: justify;\">A las 7:00 de la tarde, en ese mismo espacio p\u00fablico se realizar\u00e1n bailes t\u00edpicos filipinos y guerrerenses, as\u00ed como la exposici\u00f3n y venta de artesan\u00eda filipina; como parte del evento tambi\u00e9n habr\u00e1 una degustaci\u00f3n gastron\u00f3mica.<\/p>\n","protected":false},"excerpt":{"rendered":"<p>] ACAPULCO, Gro. * 19 de septiembre de 2021. ) Gobierno de Acapulco. Para conmemorar el 456 aniversario del tornaviaje que hizo el Gale\u00f3n de Manila, en Acapulco se llevar\u00e1n a cabo diversas actividades. En conferencia de prensa, el c\u00f3nsul honorario de Filipinas, Mario de la O Almaz\u00e1n, destac\u00f3 que con este evento se busca&#8230;<\/p>\n","protected":false},"author":2,"featured_media":1233472,"comment_status":"closed","ping_status":"closed","sticky":false,"template":"","format":"standard","meta":{"footnotes":""},"categories":[1972,1981,18561],"tags":[8553,9279,12674],"class_list":["post-1233470","post","type-post","status-publish","format-standard","has-post-thumbnail","hentry","category-special","category-acapulco","category-society-politics","tag-festa-del-galeon-de-manila","tag-gobierno-de-acapulco","tag-mario-de-la-o-almazan"],"_links":{"self":[{"href":"https:\/\/www.acapulcopress.com\/index.php\/wp-json\/wp\/v2\/posts\/1233470","targetHints":{"allow":["GET"]}}],"collection":[{"href":"https:\/\/www.acapulcopress.com\/index.php\/wp-json\/wp\/v2\/posts"}],"about":[{"href":"https:\/\/www.acapulcopress.com\/index.php\/wp-json\/wp\/v2\/types\/post"}],"author":[{"embeddable":true,"href":"https:\/\/www.acapulcopress.com\/index.php\/wp-json\/wp\/v2\/users\/2"}],"replies":[{"embeddable":true,"href":"https:\/\/www.acapulcopress.com\/index.php\/wp-json\/wp\/v2\/comments?post=1233470"}],"version-history":[{"count":0,"href":"https:\/\/www.acapulcopress.com\/index.php\/wp-json\/wp\/v2\/posts\/1233470\/revisions"}],"wp:featuredmedia":[{"embeddable":true,"href":"https:\/\/www.acapulcopress.com\/index.php\/wp-json\/"}],"wp:attachment":[{"href":"https:\/\/www.acapulcopress.com\/index.php\/wp-json\/wp\/v2\/media?parent=1233470"}],"wp:term":[{"taxonomy":"category","embeddable":true,"href":"https:\/\/www.acapulcopress.com\/index.php\/wp-json\/wp\/v2\/categories?post=1233470"},{"taxonomy":"post_tag","embeddable":true,"href":"https:\/\/www.acapulcopress.com\/index.php\/wp-json\/wp\/v2\/tags?post=1233470"}],"curies":[{"name":"wp","href":"https:\/\/api.w.org\/{rel}","templated":true}]}}