{"id":1233491,"date":"2021-10-19T23:02:35","date_gmt":"2021-10-20T04:02:35","guid":{"rendered":"https:\/\/www.acapulco.press\/?p=1233491"},"modified":"2021-10-19T23:02:35","modified_gmt":"2021-10-20T04:02:35","slug":"ahora-si-le-vandalizan-su-estatua-a-eugenio-derbez","status":"publish","type":"post","link":"https:\/\/www.acapulcopress.com\/index.php\/2021\/10\/19\/ahora-si-le-vandalizan-su-estatua-a-eugenio-derbez\/","title":{"rendered":"\u00a1Ahora s\u00ed le vandalizan su estatua a Eugenio Derbez!"},"content":{"rendered":"<p style=\"text-align: justify;\"><img loading=\"lazy\" decoding=\"async\" class=\"alignnone wp-image-1233484 \" src=\"https:\/\/www.acapulco.press\/wp-content\/uploads\/2021\/10\/DERBEZ6.jpg\" alt=\"\" width=\"802\" height=\"1426\" \/><\/p>\n<p style=\"text-align: justify;\">] ACAPULCO, Gro. * 19 de octubre de 2021.<br \/>\n<em>) Acapulco Press.<\/em><br \/>\nTras de agradecer a Acapulco el gesto de imortalizarlo en una estatua y de ironizar en redes sociales que su efige no hab\u00eda sido <img loading=\"lazy\" decoding=\"async\" class=\"alignleft size-medium wp-image-1233482\" src=\"https:\/\/www.acapulco.press\/wp-content\/uploads\/2021\/10\/DERBEZ4-375x211.jpg\" alt=\"\" width=\"375\" height=\"211\" \/>vandalizada, como divulgaron algunos medios y periodistas que \u00abno saben de mudanza\u00bb de efigies, las cuales \u00abse envuelven en pl\u00e1stico para no sufir maltratos durante el traslado\u00bb, segpun dijo ayer en su p\u00e1gina oficial de <em>Facebook,<\/em> integrantes del colectivo \u00abIzquierda Unida de Acapulco\u00bb vandalizaron este medid\u00eda la estatua del comediante Eugenio Derbez y exigieron su retiro.<\/p>\n<p style=\"text-align: justify;\">El monumento fue cubierto con una caja de envoltura de cerveza y salpicado de pintura rosa. Adem\u00e1s, le colocaron una cartulina dode no solo mostraban su rechazo a Derbez, sino tambi\u00e9n a Televisa.<\/p>\n<p style=\"text-align: justify;\"><img loading=\"lazy\" decoding=\"async\" class=\"alignleft size-medium wp-image-1233479\" src=\"https:\/\/www.acapulco.press\/wp-content\/uploads\/2021\/10\/DERBEZ-1-375x211.jpg\" alt=\"\" width=\"375\" height=\"211\" \/>Los miembros de dicho colectivo no est\u00e1n de acuerdo que Eugenio haya aportado algo a Acapulco, ni social ni tur\u00edsticamente, como se lee en la placa adjunta a la estatua colocada el pasado 9 de octubre, cuyo costo estimado asciende a 300 mil pesos.<\/p>\n<p style=\"text-align: justify;\">Y lejos de considararla un tributo la calificaron como un \u00abmonumento a la estupidez\u00bb, debido a que \u201csu instalaci\u00f3n es reprobable porque se usaron recursos p\u00fablicos durante la a\u00fan existente crisis sanitaria que obligar\u00eda a otorgar cualquier dinero disponible a las personas que perdieron sus fuentes de ingreso\u201d, en lugar de rendir homenaje a quien no ha sido de contribuci\u00f3n ben\u00e9fica ni para Acapulco ni para Guerrero, subrayaron los manifestantes.<\/p>\n<p style=\"text-align: justify;\"><img loading=\"lazy\" decoding=\"async\" class=\"alignnone wp-image-1233478 size-large\" src=\"https:\/\/www.acapulco.press\/wp-content\/uploads\/2021\/10\/derbez-tv-840x518.webp\" alt=\"\" width=\"840\" height=\"518\" \/><br \/>\n<strong>www.acapulco.press<\/strong><\/p>\n","protected":false},"excerpt":{"rendered":"<p>] ACAPULCO, Gro. * 19 de octubre de 2021. ) Acapulco Press. Tras de agradecer a Acapulco el gesto de imortalizarlo en una estatua y de ironizar en redes sociales que su efige no hab\u00eda sido vandalizada, como divulgaron algunos medios y periodistas que \u00abno saben de mudanza\u00bb de efigies, las cuales \u00abse envuelven en&#8230;<\/p>\n","protected":false},"author":2,"featured_media":1233482,"comment_status":"closed","ping_status":"closed","sticky":false,"template":"","format":"standard","meta":{"footnotes":""},"categories":[1972,1988,1994],"tags":[5992,8217],"class_list":["post-1233491","post","type-post","status-publish","format-standard","has-post-thumbnail","hentry","category-special","category-lifestyles","category-personalidades","tag-colectivo-izquierda-unida-de-acapulco","tag-eugenio-derbez"],"_links":{"self":[{"href":"https:\/\/www.acapulcopress.com\/index.php\/wp-json\/wp\/v2\/posts\/1233491","targetHints":{"allow":["GET"]}}],"collection":[{"href":"https:\/\/www.acapulcopress.com\/index.php\/wp-json\/wp\/v2\/posts"}],"about":[{"href":"https:\/\/www.acapulcopress.com\/index.php\/wp-json\/wp\/v2\/types\/post"}],"author":[{"embeddable":true,"href":"https:\/\/www.acapulcopress.com\/index.php\/wp-json\/wp\/v2\/users\/2"}],"replies":[{"embeddable":true,"href":"https:\/\/www.acapulcopress.com\/index.php\/wp-json\/wp\/v2\/comments?post=1233491"}],"version-history":[{"count":0,"href":"https:\/\/www.acapulcopress.com\/index.php\/wp-json\/wp\/v2\/posts\/1233491\/revisions"}],"wp:featuredmedia":[{"embeddable":true,"href":"https:\/\/www.acapulcopress.com\/index.php\/wp-json\/"}],"wp:attachment":[{"href":"https:\/\/www.acapulcopress.com\/index.php\/wp-json\/wp\/v2\/media?parent=1233491"}],"wp:term":[{"taxonomy":"category","embeddable":true,"href":"https:\/\/www.acapulcopress.com\/index.php\/wp-json\/wp\/v2\/categories?post=1233491"},{"taxonomy":"post_tag","embeddable":true,"href":"https:\/\/www.acapulcopress.com\/index.php\/wp-json\/wp\/v2\/tags?post=1233491"}],"curies":[{"name":"wp","href":"https:\/\/api.w.org\/{rel}","templated":true}]}}