{"id":1233507,"date":"2021-10-19T23:39:45","date_gmt":"2021-10-20T04:39:45","guid":{"rendered":"https:\/\/www.acapulco.press\/?p=1233507"},"modified":"2021-10-19T23:39:45","modified_gmt":"2021-10-20T04:39:45","slug":"gobernadora-salgado-firma-alianza-guerrero-para-impulsar-desarrollo-integral-del-estado","status":"publish","type":"post","link":"https:\/\/www.acapulcopress.com\/index.php\/2021\/10\/19\/gobernadora-salgado-firma-alianza-guerrero-para-impulsar-desarrollo-integral-del-estado\/","title":{"rendered":"Gobernadora Salgado firma \u00abAlianza Guerrero\u00bb para impulsar desarrollo integral del Estado"},"content":{"rendered":"<p style=\"text-align: justify;\">] ACAPULCO, Gro. * 19 de octubre de 2021.<br \/>\n) Gobierno de Guerrero.<\/p>\n<p style=\"text-align: justify;\">Con el prop\u00f3sito de generar un pacto de impulso al desarrollo integral entre el sector econ\u00f3mico, industrial, minero, de vivienda y agroindustrial, la gobernadora Evelyn Salgado Pineda, firm\u00f3 junto con la iniciativa privada la Alianza Guerrero, convenio de intenci\u00f3n para la inversi\u00f3n, industrializaci\u00f3n y desarrollo econ\u00f3mico de la entidad.<\/p>\n<p style=\"text-align: justify;\">\u201cVamos a posicionar a Guerrero en los mejores y los primeros lugares a nivel nacional e internacional. Nuestro Guerrero tiene que volver a brillar, como lo hac\u00eda antes y eso va a ser con la ayuda de todas y todos ustedes\u201d, enfatiz\u00f3.<\/p>\n<p style=\"text-align: justify;\">Acompa\u00f1ada de la alcaldesa local, Abelina L\u00f3pez Rodr\u00edguez, y secretarios del gabinete, empresarios de los distintos sectores, as\u00ed como representantes de c\u00e1maras y organismos empresariales, la jefa del Ejecutivo estatal ofreci\u00f3 todo su apoyo, para que de manera conjunta, se d\u00e9 este nuevo proceso de industrializaci\u00f3n de la entidad, de manera incluyente y con sentido social.<\/p>\n<p style=\"text-align: justify;\">\u201cYo celebro esta gran alianza que viene a fortalecer un gran bloque regional del sureste del pa\u00eds, que es la respuesta precisamente, a una demanda hist\u00f3rica de desarrollo, de justicia social, de prosperidad para nuestros pueblos. Esta uni\u00f3n demuestra que con voluntad y di\u00e1logo, gobiernos e iniciativa privada, han de lograr grandes avances con el paso que estamos dando el d\u00eda de hoy\u201d, dijo.<\/p>\n<p style=\"text-align: justify;\">Por ello, puntualiz\u00f3 que en este trabajo conjunto, habr\u00e1 transparencia e \u00edmpetu para que con esta visi\u00f3n transversal, se promuevan los sectores de infraestructura, turismo, desarrollo rural y urbano, innovaci\u00f3n tecnol\u00f3gica, seguridad, generaci\u00f3n de empleos directos y bienestar.<\/p>\n<p style=\"text-align: justify;\">En su intervenci\u00f3n, el presidente de la Confederaci\u00f3n de C\u00e1maras Industriales de los Estados Unidos Mexicanos (Concamin), Jos\u00e9 Antonio Abugaber Andonie detall\u00f3 que esta alianza da continuidad a lo propuesto por el Pacto Oaxaca, y busca impulsar el fortalecimiento productivo del mercado industrial interno, invertir en lo hecho en M\u00e9xico para generar empleo y empresas en el sur-sureste, que tengan un impacto positivo sobre el bienestar de la poblaci\u00f3n.<\/p>\n<p style=\"text-align: justify;\">En tanto que el presidente del Consejo de C\u00e1maras Industriales y Empresariales de Guerrero (CONCAINGRO), Julian Uri\u00f3stegui Carbajal reconoci\u00f3 la voluntad pol\u00edtica de la gobernadora, quien desde el primer momento propici\u00f3 esta cercan\u00eda y la posibilidad de generar mesas de trabajo por sectores, para transitar en acuerdos y promover esfuerzos conjuntos.<\/p>\n<p style=\"text-align: justify;\">En este evento se present\u00f3 la agenda de trabajo en los diversos rubros econ\u00f3micos.<\/p>\n<p><img loading=\"lazy\" decoding=\"async\" class=\"alignnone wp-image-1233508 size-large\" src=\"https:\/\/www.acapulco.press\/wp-content\/uploads\/2021\/10\/EVELYN-Y-ABELINA-840x559.jpg\" alt=\"\" width=\"840\" height=\"559\" \/><\/p>\n","protected":false},"excerpt":{"rendered":"<p>] ACAPULCO, Gro. * 19 de octubre de 2021. ) Gobierno de Guerrero. Con el prop\u00f3sito de generar un pacto de impulso al desarrollo integral entre el sector econ\u00f3mico, industrial, minero, de vivienda y agroindustrial, la gobernadora Evelyn Salgado Pineda, firm\u00f3 junto con la iniciativa privada la Alianza Guerrero, convenio de intenci\u00f3n para la inversi\u00f3n,&#8230;<\/p>\n","protected":false},"author":2,"featured_media":1233509,"comment_status":"closed","ping_status":"closed","sticky":false,"template":"","format":"standard","meta":{"footnotes":""},"categories":[1969,1972,1989],"tags":[3077,3668,8251],"class_list":["post-1233507","post","type-post","status-publish","format-standard","has-post-thumbnail","hentry","category-trending","category-special","category-noticias-generales","tag-abelina-lopez-rodriguez","tag-alianza-guerrero","tag-evelyn-salgado-pineda"],"_links":{"self":[{"href":"https:\/\/www.acapulcopress.com\/index.php\/wp-json\/wp\/v2\/posts\/1233507","targetHints":{"allow":["GET"]}}],"collection":[{"href":"https:\/\/www.acapulcopress.com\/index.php\/wp-json\/wp\/v2\/posts"}],"about":[{"href":"https:\/\/www.acapulcopress.com\/index.php\/wp-json\/wp\/v2\/types\/post"}],"author":[{"embeddable":true,"href":"https:\/\/www.acapulcopress.com\/index.php\/wp-json\/wp\/v2\/users\/2"}],"replies":[{"embeddable":true,"href":"https:\/\/www.acapulcopress.com\/index.php\/wp-json\/wp\/v2\/comments?post=1233507"}],"version-history":[{"count":0,"href":"https:\/\/www.acapulcopress.com\/index.php\/wp-json\/wp\/v2\/posts\/1233507\/revisions"}],"wp:featuredmedia":[{"embeddable":true,"href":"https:\/\/www.acapulcopress.com\/index.php\/wp-json\/"}],"wp:attachment":[{"href":"https:\/\/www.acapulcopress.com\/index.php\/wp-json\/wp\/v2\/media?parent=1233507"}],"wp:term":[{"taxonomy":"category","embeddable":true,"href":"https:\/\/www.acapulcopress.com\/index.php\/wp-json\/wp\/v2\/categories?post=1233507"},{"taxonomy":"post_tag","embeddable":true,"href":"https:\/\/www.acapulcopress.com\/index.php\/wp-json\/wp\/v2\/tags?post=1233507"}],"curies":[{"name":"wp","href":"https:\/\/api.w.org\/{rel}","templated":true}]}}