{"id":1233514,"date":"2021-10-20T00:11:00","date_gmt":"2021-10-20T05:11:00","guid":{"rendered":"https:\/\/www.acapulco.press\/?p=1233514"},"modified":"2021-10-20T00:11:00","modified_gmt":"2021-10-20T05:11:00","slug":"uagro-se-declara-lista-para-el-regreso-a-clases-expresa-el-rector-romero-olea","status":"publish","type":"post","link":"https:\/\/www.acapulcopress.com\/index.php\/2021\/10\/20\/uagro-se-declara-lista-para-el-regreso-a-clases-expresa-el-rector-romero-olea\/","title":{"rendered":"UAGro se declara lista para el regreso a clases, expresa el Rector Romero Olea"},"content":{"rendered":"<p style=\"text-align: justify;\">] ACAPULCO, Gro. * 19 de octubre de 2021.<br \/>\n<em>) UAGro.<\/em><\/p>\n<p style=\"text-align: justify;\"><img loading=\"lazy\" decoding=\"async\" class=\"alignleft size-medium wp-image-1233516\" src=\"https:\/\/www.acapulco.press\/wp-content\/uploads\/2021\/10\/alfredo-romero-olea-375x281.jpg\" alt=\"\" width=\"375\" height=\"281\" \/>El rector de la Universidad Aut\u00f3noma de Guerrero (UAGro), Jos\u00e9 Alfredo Romero Olea, anunci\u00f3 que la UAGro est\u00e1 pr\u00e1cticamente lista para el regreso a clases, tras de m\u00e1s de un a\u00f1o de inactividad en las aulas por la pandemia del Covid19.<\/p>\n<p style=\"text-align: justify;\">\u00abEstamos en un 65 y 70 por ciento en el tema del regreso a clases en una semana; ojal\u00e1 que el sem\u00e1foro epidemiol\u00f3gico, contin\u00fae en color verde\u00bb para hacer relidad esta expexctativa, expres\u00f3 luego de la tomas de protesta de Mar\u00eda X\u00f3chitl Miller como coordinadora general de la Zona Sur de la UAGro.<\/p>\n<p style=\"text-align: justify;\">Romero Olea destac\u00f3 que la UAGro deber\u00e1 renacer y dejar atr\u00e1s todo lo malo que haya sucedido, a fin de colocarse a la altura que representa una trasnformaci\u00f3n de gobierno, con la aplicaci\u00f3n de nuevas pol\u00edticas en las administraciones estatal y federal.<\/p>\n","protected":false},"excerpt":{"rendered":"<p>] ACAPULCO, Gro. * 19 de octubre de 2021. ) UAGro. El rector de la Universidad Aut\u00f3noma de Guerrero (UAGro), Jos\u00e9 Alfredo Romero Olea, anunci\u00f3 que la UAGro est\u00e1 pr\u00e1cticamente lista para el regreso a clases, tras de m\u00e1s de un a\u00f1o de inactividad en las aulas por la pandemia del Covid19. \u00abEstamos en un&#8230;<\/p>\n","protected":false},"author":2,"featured_media":1233515,"comment_status":"closed","ping_status":"closed","sticky":false,"template":"","format":"standard","meta":{"footnotes":""},"categories":[18561,2016],"tags":[10980,17610],"class_list":["post-1233514","post","type-post","status-publish","format-standard","has-post-thumbnail","hentry","category-society-politics","category-uagro-society-politics","tag-jose-alfredo-romero-olea","tag-universidad-autonoma-de-guerrero-uagro"],"_links":{"self":[{"href":"https:\/\/www.acapulcopress.com\/index.php\/wp-json\/wp\/v2\/posts\/1233514","targetHints":{"allow":["GET"]}}],"collection":[{"href":"https:\/\/www.acapulcopress.com\/index.php\/wp-json\/wp\/v2\/posts"}],"about":[{"href":"https:\/\/www.acapulcopress.com\/index.php\/wp-json\/wp\/v2\/types\/post"}],"author":[{"embeddable":true,"href":"https:\/\/www.acapulcopress.com\/index.php\/wp-json\/wp\/v2\/users\/2"}],"replies":[{"embeddable":true,"href":"https:\/\/www.acapulcopress.com\/index.php\/wp-json\/wp\/v2\/comments?post=1233514"}],"version-history":[{"count":0,"href":"https:\/\/www.acapulcopress.com\/index.php\/wp-json\/wp\/v2\/posts\/1233514\/revisions"}],"wp:featuredmedia":[{"embeddable":true,"href":"https:\/\/www.acapulcopress.com\/index.php\/wp-json\/"}],"wp:attachment":[{"href":"https:\/\/www.acapulcopress.com\/index.php\/wp-json\/wp\/v2\/media?parent=1233514"}],"wp:term":[{"taxonomy":"category","embeddable":true,"href":"https:\/\/www.acapulcopress.com\/index.php\/wp-json\/wp\/v2\/categories?post=1233514"},{"taxonomy":"post_tag","embeddable":true,"href":"https:\/\/www.acapulcopress.com\/index.php\/wp-json\/wp\/v2\/tags?post=1233514"}],"curies":[{"name":"wp","href":"https:\/\/api.w.org\/{rel}","templated":true}]}}