{"id":1233529,"date":"2021-10-21T19:11:21","date_gmt":"2021-10-22T00:11:21","guid":{"rendered":"https:\/\/www.acapulco.press\/?p=1233529"},"modified":"2021-10-21T19:11:21","modified_gmt":"2021-10-22T00:11:21","slug":"policia-ministerial-captura-a-presunto-homicida-en-san-marcos","status":"publish","type":"post","link":"https:\/\/www.acapulcopress.com\/index.php\/2021\/10\/21\/policia-ministerial-captura-a-presunto-homicida-en-san-marcos\/","title":{"rendered":"Polic\u00eda Ministerial captura a presunto homicida en San Marcos"},"content":{"rendered":"<p>] ACAPULCO, Gro. * 21 de octubre de 2021.<br \/>\n<em>) <a href=\"https:\/\/fiscaliaguerrero.gob.mx\" target=\"_blank\" rel=\"noopener\">https:\/\/fiscaliaguerrero.gob.mx<\/a>.<\/em><\/p>\n<p style=\"text-align: justify;\">\nFiscal\u00eda de Guerrero a trav\u00e9s de la Polic\u00eda Investigadora Ministerial de San Marcos, cumpliment\u00f3 la orden de aprehensi\u00f3n en contra de quien dijo llamarse Santiago \u00abN\u00bb, detenido como probable responsable del delito de homicidio en agravio de Ricardo \u00abN\u00bb hechos en la causa penal 11\/2013, quedando a disposici\u00f3n del Juez Mixto de Primera Instancia en Huamuxtitl\u00e1n, Guerrero.<\/p>\n","protected":false},"excerpt":{"rendered":"<p>] ACAPULCO, Gro. * 21 de octubre de 2021. ) https:\/\/fiscaliaguerrero.gob.mx. Fiscal\u00eda de Guerrero a trav\u00e9s de la Polic\u00eda Investigadora Ministerial de San Marcos, cumpliment\u00f3 la orden de aprehensi\u00f3n en contra de quien dijo llamarse Santiago \u00abN\u00bb, detenido como probable responsable del delito de homicidio en agravio de Ricardo \u00abN\u00bb hechos en la causa penal&#8230;<\/p>\n","protected":false},"author":2,"featured_media":1233530,"comment_status":"closed","ping_status":"closed","sticky":false,"template":"","format":"standard","meta":{"footnotes":""},"categories":[1969,2005],"tags":[8703,10946,14737],"class_list":["post-1233529","post","type-post","status-publish","format-standard","has-post-thumbnail","hentry","category-trending","category-seguridad-y-justicia","tag-fiscalia-general-del-estado-de-guerrero-fge","tag-jorge-zuriel-de-los-santos-barrila","tag-policia-ministerial-de-guerrero"],"_links":{"self":[{"href":"https:\/\/www.acapulcopress.com\/index.php\/wp-json\/wp\/v2\/posts\/1233529","targetHints":{"allow":["GET"]}}],"collection":[{"href":"https:\/\/www.acapulcopress.com\/index.php\/wp-json\/wp\/v2\/posts"}],"about":[{"href":"https:\/\/www.acapulcopress.com\/index.php\/wp-json\/wp\/v2\/types\/post"}],"author":[{"embeddable":true,"href":"https:\/\/www.acapulcopress.com\/index.php\/wp-json\/wp\/v2\/users\/2"}],"replies":[{"embeddable":true,"href":"https:\/\/www.acapulcopress.com\/index.php\/wp-json\/wp\/v2\/comments?post=1233529"}],"version-history":[{"count":0,"href":"https:\/\/www.acapulcopress.com\/index.php\/wp-json\/wp\/v2\/posts\/1233529\/revisions"}],"wp:featuredmedia":[{"embeddable":true,"href":"https:\/\/www.acapulcopress.com\/index.php\/wp-json\/"}],"wp:attachment":[{"href":"https:\/\/www.acapulcopress.com\/index.php\/wp-json\/wp\/v2\/media?parent=1233529"}],"wp:term":[{"taxonomy":"category","embeddable":true,"href":"https:\/\/www.acapulcopress.com\/index.php\/wp-json\/wp\/v2\/categories?post=1233529"},{"taxonomy":"post_tag","embeddable":true,"href":"https:\/\/www.acapulcopress.com\/index.php\/wp-json\/wp\/v2\/tags?post=1233529"}],"curies":[{"name":"wp","href":"https:\/\/api.w.org\/{rel}","templated":true}]}}