{"id":1233536,"date":"2021-10-21T20:14:54","date_gmt":"2021-10-22T01:14:54","guid":{"rendered":"https:\/\/www.acapulco.press\/?p=1233536"},"modified":"2021-10-21T20:14:54","modified_gmt":"2021-10-22T01:14:54","slug":"fiscalia-guerrero-vincula-a-proceso-a-un-violador-de-teloloapan","status":"publish","type":"post","link":"https:\/\/www.acapulcopress.com\/index.php\/2021\/10\/21\/fiscalia-guerrero-vincula-a-proceso-a-un-violador-de-teloloapan\/","title":{"rendered":"Fiscal\u00eda Guerrero vincula a proceso a un violador de Teloloapan"},"content":{"rendered":"<p style=\"text-align: justify;\">] CHILPANCINGO. * 21 de octubre de 2021.<br \/>\n<em>) <a href=\"https:\/\/fiscaliaguerrero.gob.mx\" target=\"_blank\" rel=\"noopener\">https:\/\/fiscaliaguerrero.gob.mx<\/a>.<\/em><\/p>\n<p style=\"text-align: justify;\">El Ministerio P\u00fablico obtuvo vinculaci\u00f3n a proceso en contra de Agust\u00edn \u00abN\u00bb, detenido como probable responsable del delito de violaci\u00f3n, en el municipio de Teloloapan, Guerrero.<\/p>\n<p style=\"text-align: justify;\">De acuerdo a los hechos en la carpeta judicial 421\/2020, el imputado es acusado de cometer el delito en agravio de la v\u00edctima el pasado 24 de octubre, en la colonia Emiliano Zapata, y la amenaz\u00f3 para evitar que contara lo sucedido.<\/p>\n<p style=\"text-align: justify;\">En audiencia inicial, el Ministerio P\u00fablico aport\u00f3 los datos de prueba y obtuvo del Juez de Control y Enjuiciamiento penal vinculaci\u00f3n a proceso en contra del imputado, quedando interno bajo la medida cautelar de prisi\u00f3n preventiva y otorgando tres meses de investigaci\u00f3n complementaria.<\/p>\n<p style=\"text-align: justify;\">La Fiscal\u00eda General del Estado continuar\u00e1 investigando los delitos del fuero com\u00fan y con especial seguimiento los cometidos en temas de igualdad de g\u00e9nero y menores de edad en el estado de Guerrero.<\/p>\n","protected":false},"excerpt":{"rendered":"<p>] CHILPANCINGO. * 21 de octubre de 2021. ) https:\/\/fiscaliaguerrero.gob.mx. El Ministerio P\u00fablico obtuvo vinculaci\u00f3n a proceso en contra de Agust\u00edn \u00abN\u00bb, detenido como probable responsable del delito de violaci\u00f3n, en el municipio de Teloloapan, Guerrero. De acuerdo a los hechos en la carpeta judicial 421\/2020, el imputado es acusado de cometer el delito en&#8230;<\/p>\n","protected":false},"author":2,"featured_media":1233537,"comment_status":"closed","ping_status":"closed","sticky":false,"template":"","format":"standard","meta":{"footnotes":""},"categories":[1969,2005],"tags":[8703,10946,14737],"class_list":["post-1233536","post","type-post","status-publish","format-standard","has-post-thumbnail","hentry","category-trending","category-seguridad-y-justicia","tag-fiscalia-general-del-estado-de-guerrero-fge","tag-jorge-zuriel-de-los-santos-barrila","tag-policia-ministerial-de-guerrero"],"_links":{"self":[{"href":"https:\/\/www.acapulcopress.com\/index.php\/wp-json\/wp\/v2\/posts\/1233536","targetHints":{"allow":["GET"]}}],"collection":[{"href":"https:\/\/www.acapulcopress.com\/index.php\/wp-json\/wp\/v2\/posts"}],"about":[{"href":"https:\/\/www.acapulcopress.com\/index.php\/wp-json\/wp\/v2\/types\/post"}],"author":[{"embeddable":true,"href":"https:\/\/www.acapulcopress.com\/index.php\/wp-json\/wp\/v2\/users\/2"}],"replies":[{"embeddable":true,"href":"https:\/\/www.acapulcopress.com\/index.php\/wp-json\/wp\/v2\/comments?post=1233536"}],"version-history":[{"count":0,"href":"https:\/\/www.acapulcopress.com\/index.php\/wp-json\/wp\/v2\/posts\/1233536\/revisions"}],"wp:featuredmedia":[{"embeddable":true,"href":"https:\/\/www.acapulcopress.com\/index.php\/wp-json\/"}],"wp:attachment":[{"href":"https:\/\/www.acapulcopress.com\/index.php\/wp-json\/wp\/v2\/media?parent=1233536"}],"wp:term":[{"taxonomy":"category","embeddable":true,"href":"https:\/\/www.acapulcopress.com\/index.php\/wp-json\/wp\/v2\/categories?post=1233536"},{"taxonomy":"post_tag","embeddable":true,"href":"https:\/\/www.acapulcopress.com\/index.php\/wp-json\/wp\/v2\/tags?post=1233536"}],"curies":[{"name":"wp","href":"https:\/\/api.w.org\/{rel}","templated":true}]}}