{"id":1233562,"date":"2021-10-21T22:09:49","date_gmt":"2021-10-22T03:09:49","guid":{"rendered":"https:\/\/www.acapulco.press\/?p=1233562"},"modified":"2021-10-21T22:09:49","modified_gmt":"2021-10-22T03:09:49","slug":"65-de-alumnos-ha-regresado-a-las-aulas-informa-rector-romero-olea","status":"publish","type":"post","link":"https:\/\/www.acapulcopress.com\/index.php\/2021\/10\/21\/65-de-alumnos-ha-regresado-a-las-aulas-informa-rector-romero-olea\/","title":{"rendered":"65% de alumnos ha regresado a las aulas, informa Rector Romero Olea"},"content":{"rendered":"<p>] CHILPANCINGO. * 21 de octubre de 2021.<br \/>\n<em>) UAGro.<\/em><\/p>\n<p style=\"text-align: justify;\">A la fecha, 65 por ciento de universitarios ha regresado a las aulas de la Universidad Aut\u00f3noma de Guerrero (UAGro) a clases presenciales, inform\u00f3 el rector, Jos\u00e9 Alfredo Romero Olea.<\/p>\n<p style=\"text-align: justify;\">Tras de presidir la conmemoraci\u00f3n del 61 aniversario del Movimiento Estudiantil Popular por la Autonom\u00eda Universitaria, Romero Olea detall\u00f3 que\u00a0el retorno a las aulas inici\u00f3 desde el 12 de octubre, principalmente en los municipios de Tixtla y Tlapa, y los de la regi\u00f3n de la Costa Chica. No obstante, respecto a Acapulco y Chilpancingo, dijo que el regreso a clases presenciales ser\u00e1 gradual por la dimensi\u00f3n de los planteles y lo que se procura es evitar contagios entre los alumnos o personal docente y administrativo.<\/p>\n","protected":false},"excerpt":{"rendered":"<p>] CHILPANCINGO. * 21 de octubre de 2021. ) UAGro. A la fecha, 65 por ciento de universitarios ha regresado a las aulas de la Universidad Aut\u00f3noma de Guerrero (UAGro) a clases presenciales, inform\u00f3 el rector, Jos\u00e9 Alfredo Romero Olea. Tras de presidir la conmemoraci\u00f3n del 61 aniversario del Movimiento Estudiantil Popular por la Autonom\u00eda&#8230;<\/p>\n","protected":false},"author":2,"featured_media":1233563,"comment_status":"closed","ping_status":"closed","sticky":false,"template":"","format":"standard","meta":{"footnotes":""},"categories":[18561,2016],"tags":[2896,10980,17610],"class_list":["post-1233562","post","type-post","status-publish","format-standard","has-post-thumbnail","hentry","category-society-politics","category-uagro-society-politics","tag-uagro-2","tag-jose-alfredo-romero-olea","tag-universidad-autonoma-de-guerrero-uagro"],"_links":{"self":[{"href":"https:\/\/www.acapulcopress.com\/index.php\/wp-json\/wp\/v2\/posts\/1233562","targetHints":{"allow":["GET"]}}],"collection":[{"href":"https:\/\/www.acapulcopress.com\/index.php\/wp-json\/wp\/v2\/posts"}],"about":[{"href":"https:\/\/www.acapulcopress.com\/index.php\/wp-json\/wp\/v2\/types\/post"}],"author":[{"embeddable":true,"href":"https:\/\/www.acapulcopress.com\/index.php\/wp-json\/wp\/v2\/users\/2"}],"replies":[{"embeddable":true,"href":"https:\/\/www.acapulcopress.com\/index.php\/wp-json\/wp\/v2\/comments?post=1233562"}],"version-history":[{"count":0,"href":"https:\/\/www.acapulcopress.com\/index.php\/wp-json\/wp\/v2\/posts\/1233562\/revisions"}],"wp:featuredmedia":[{"embeddable":true,"href":"https:\/\/www.acapulcopress.com\/index.php\/wp-json\/"}],"wp:attachment":[{"href":"https:\/\/www.acapulcopress.com\/index.php\/wp-json\/wp\/v2\/media?parent=1233562"}],"wp:term":[{"taxonomy":"category","embeddable":true,"href":"https:\/\/www.acapulcopress.com\/index.php\/wp-json\/wp\/v2\/categories?post=1233562"},{"taxonomy":"post_tag","embeddable":true,"href":"https:\/\/www.acapulcopress.com\/index.php\/wp-json\/wp\/v2\/tags?post=1233562"}],"curies":[{"name":"wp","href":"https:\/\/api.w.org\/{rel}","templated":true}]}}