{"id":1233574,"date":"2021-10-20T22:28:26","date_gmt":"2021-10-21T03:28:26","guid":{"rendered":"https:\/\/www.acapulco.press\/?p=1233574"},"modified":"2021-10-20T22:28:26","modified_gmt":"2021-10-21T03:28:26","slug":"se-reune-marcial-rodriguez-con-subsecretarios-para-mejorar-calidad-educativa-en-guerrero","status":"publish","type":"post","link":"https:\/\/www.acapulcopress.com\/index.php\/2021\/10\/20\/se-reune-marcial-rodriguez-con-subsecretarios-para-mejorar-calidad-educativa-en-guerrero\/","title":{"rendered":"Se re\u00fane Marcial Rodr\u00edguez con subsecretarios para mejorar calidad educativa en Guerrero"},"content":{"rendered":"<p>] CHILPANCINGO. * 20 de octubre de 2021.<br \/>\n<em>) Especial.<\/em><\/p>\n<p style=\"text-align: justify;\">Marcial Rodr\u00edguez Salda\u00f1a, secretario de Educaci\u00f3n en Guerrero, se reuni\u00f3 con los subsecretarios de Admninistraci\u00f3n y Finanzas, Alejandro Moreno Lira; de Educaci\u00f3n B\u00e1sica, Ricardo Castillo Pe\u00f1a; de Media Superior y Superior, Marco Antonio Marb\u00e1n, y de Planeaci\u00f3n, Benjam\u00edn Adame Pereyra, con el fin de coordinar los trabajos para mejorar la educaci\u00f3n en la entidad.<\/p>\n<p>Rodr\u00edguez Salda\u00f1a convoc\u00f3 a los subsecretarios de la SEG a cumplir con el compromiso que la gobernadora Evelyn Salgado Pineda asumi\u00f3 en materia educativa con el pueblo de Guerrero y enfatiz\u00f3 que \u00e9ste gobierno est\u00e1 comprometido con ampliar la cobertura y la calidad educativa en Guerrero, por tal motivo prevalecer\u00e1 una estrecha coordinaci\u00f3n para el cumplimiento de los objetivos.<\/p>\n<p>&nbsp;<\/p>\n","protected":false},"excerpt":{"rendered":"<p>] CHILPANCINGO. * 20 de octubre de 2021. ) Especial. Marcial Rodr\u00edguez Salda\u00f1a, secretario de Educaci\u00f3n en Guerrero, se reuni\u00f3 con los subsecretarios de Admninistraci\u00f3n y Finanzas, Alejandro Moreno Lira; de Educaci\u00f3n B\u00e1sica, Ricardo Castillo Pe\u00f1a; de Media Superior y Superior, Marco Antonio Marb\u00e1n, y de Planeaci\u00f3n, Benjam\u00edn Adame Pereyra, con el fin de coordinar&#8230;<\/p>\n","protected":false},"author":2,"featured_media":1233575,"comment_status":"closed","ping_status":"closed","sticky":false,"template":"","format":"standard","meta":{"footnotes":""},"categories":[18561,2016],"tags":[12457,16169,16362],"class_list":["post-1233574","post","type-post","status-publish","format-standard","has-post-thumbnail","hentry","category-society-politics","category-uagro-society-politics","tag-marcial-rodriguez-saldana","tag-secretaria-de-educacion-guerrero-seg","tag-seg"],"_links":{"self":[{"href":"https:\/\/www.acapulcopress.com\/index.php\/wp-json\/wp\/v2\/posts\/1233574","targetHints":{"allow":["GET"]}}],"collection":[{"href":"https:\/\/www.acapulcopress.com\/index.php\/wp-json\/wp\/v2\/posts"}],"about":[{"href":"https:\/\/www.acapulcopress.com\/index.php\/wp-json\/wp\/v2\/types\/post"}],"author":[{"embeddable":true,"href":"https:\/\/www.acapulcopress.com\/index.php\/wp-json\/wp\/v2\/users\/2"}],"replies":[{"embeddable":true,"href":"https:\/\/www.acapulcopress.com\/index.php\/wp-json\/wp\/v2\/comments?post=1233574"}],"version-history":[{"count":0,"href":"https:\/\/www.acapulcopress.com\/index.php\/wp-json\/wp\/v2\/posts\/1233574\/revisions"}],"wp:featuredmedia":[{"embeddable":true,"href":"https:\/\/www.acapulcopress.com\/index.php\/wp-json\/"}],"wp:attachment":[{"href":"https:\/\/www.acapulcopress.com\/index.php\/wp-json\/wp\/v2\/media?parent=1233574"}],"wp:term":[{"taxonomy":"category","embeddable":true,"href":"https:\/\/www.acapulcopress.com\/index.php\/wp-json\/wp\/v2\/categories?post=1233574"},{"taxonomy":"post_tag","embeddable":true,"href":"https:\/\/www.acapulcopress.com\/index.php\/wp-json\/wp\/v2\/tags?post=1233574"}],"curies":[{"name":"wp","href":"https:\/\/api.w.org\/{rel}","templated":true}]}}