{"id":1233580,"date":"2021-10-21T22:47:12","date_gmt":"2021-10-22T03:47:12","guid":{"rendered":"https:\/\/www.acapulco.press\/?p=1233580"},"modified":"2021-10-21T22:47:12","modified_gmt":"2021-10-22T03:47:12","slug":"seg-y-snte-xiv-llegan-a-buen-acuerdo-y-desalojan-instalaciones-educativas","status":"publish","type":"post","link":"https:\/\/www.acapulcopress.com\/index.php\/2021\/10\/21\/seg-y-snte-xiv-llegan-a-buen-acuerdo-y-desalojan-instalaciones-educativas\/","title":{"rendered":"SEG y SNTE XIV llegan a buen acuerdo y desalojan instalaciones educativas"},"content":{"rendered":"<p style=\"text-align: justify;\">] CHILPANCINGO. * 21 de octubre de 2021.<br \/>\n<em>) Especial.<\/em><\/p>\n<p style=\"text-align: justify;\">El Secretario de Educaci\u00f3n en Guerrero, Marcial Rodr\u00edguez Salda\u00f1a, se reuni\u00f3 con el secretario general del SNTE XIV, Javier San Martin Jaramillo y los representantes del CEN del SNTE en el Estado, Honorio Valdez Leyva y H\u00e9ctor Efr\u00e9n Zamora Castro; en donde hicieron el compromiso por mejorar sustancialmente la calidad de la Educaci\u00f3n en Guerrero y el regreso a clases de manera presencial.<\/p>\n<p style=\"text-align: justify;\">El titular de SEG recibi\u00f3 el pliego petitorio del representante del SNTE a nivel estatal y del CEN nacional, dijo que ser\u00e1 respetuoso de los derechos laborales de los trabajadores de la educaci\u00f3n.<\/p>\n<p style=\"text-align: justify;\">Salda\u00f1a expres\u00f3, que se va a reunir con todas las organizaciones del magisterio guerrerense y ofreci\u00f3 una pol\u00edtica constante de di\u00e1logo con las maestras, maestros, personal del PAAE y estudiantes.<\/p>\n","protected":false},"excerpt":{"rendered":"<p>] CHILPANCINGO. * 21 de octubre de 2021. ) Especial. El Secretario de Educaci\u00f3n en Guerrero, Marcial Rodr\u00edguez Salda\u00f1a, se reuni\u00f3 con el secretario general del SNTE XIV, Javier San Martin Jaramillo y los representantes del CEN del SNTE en el Estado, Honorio Valdez Leyva y H\u00e9ctor Efr\u00e9n Zamora Castro; en donde hicieron el compromiso&#8230;<\/p>\n","protected":false},"author":2,"featured_media":1233581,"comment_status":"closed","ping_status":"closed","sticky":false,"template":"","format":"standard","meta":{"footnotes":""},"categories":[1969,1989],"tags":[12457,16169,16362],"class_list":["post-1233580","post","type-post","status-publish","format-standard","has-post-thumbnail","hentry","category-trending","category-noticias-generales","tag-marcial-rodriguez-saldana","tag-secretaria-de-educacion-guerrero-seg","tag-seg"],"_links":{"self":[{"href":"https:\/\/www.acapulcopress.com\/index.php\/wp-json\/wp\/v2\/posts\/1233580","targetHints":{"allow":["GET"]}}],"collection":[{"href":"https:\/\/www.acapulcopress.com\/index.php\/wp-json\/wp\/v2\/posts"}],"about":[{"href":"https:\/\/www.acapulcopress.com\/index.php\/wp-json\/wp\/v2\/types\/post"}],"author":[{"embeddable":true,"href":"https:\/\/www.acapulcopress.com\/index.php\/wp-json\/wp\/v2\/users\/2"}],"replies":[{"embeddable":true,"href":"https:\/\/www.acapulcopress.com\/index.php\/wp-json\/wp\/v2\/comments?post=1233580"}],"version-history":[{"count":0,"href":"https:\/\/www.acapulcopress.com\/index.php\/wp-json\/wp\/v2\/posts\/1233580\/revisions"}],"wp:featuredmedia":[{"embeddable":true,"href":"https:\/\/www.acapulcopress.com\/index.php\/wp-json\/"}],"wp:attachment":[{"href":"https:\/\/www.acapulcopress.com\/index.php\/wp-json\/wp\/v2\/media?parent=1233580"}],"wp:term":[{"taxonomy":"category","embeddable":true,"href":"https:\/\/www.acapulcopress.com\/index.php\/wp-json\/wp\/v2\/categories?post=1233580"},{"taxonomy":"post_tag","embeddable":true,"href":"https:\/\/www.acapulcopress.com\/index.php\/wp-json\/wp\/v2\/tags?post=1233580"}],"curies":[{"name":"wp","href":"https:\/\/api.w.org\/{rel}","templated":true}]}}