{"id":1233587,"date":"2021-10-21T23:07:26","date_gmt":"2021-10-22T04:07:26","guid":{"rendered":"https:\/\/www.acapulco.press\/?p=1233587"},"modified":"2021-10-21T23:07:26","modified_gmt":"2021-10-22T04:07:26","slug":"x-festival-cultural-de-la-montana-arranca-con-gran-poder-de-convocatoria","status":"publish","type":"post","link":"https:\/\/www.acapulcopress.com\/index.php\/2021\/10\/21\/x-festival-cultural-de-la-montana-arranca-con-gran-poder-de-convocatoria\/","title":{"rendered":"X Festival Cultural de la Monta\u00f1a arranca con gran poder de convocatoria"},"content":{"rendered":"<p><img loading=\"lazy\" decoding=\"async\" class=\"alignnone wp-image-1233590 size-large\" src=\"https:\/\/www.acapulco.press\/wp-content\/uploads\/2021\/10\/TLAPA-JORNADA3-840x630.jpeg\" alt=\"\" width=\"840\" height=\"630\" \/><\/p>\n<p>] TLAPA DE COMONFORT. * 21 de octubre de 2021.<br \/>\n<em>) Gobierno de Tlapa.<\/em><\/p>\n<p><img loading=\"lazy\" decoding=\"async\" class=\"alignleft size-medium wp-image-1233592\" src=\"https:\/\/www.acapulco.press\/wp-content\/uploads\/2021\/10\/TLAPA-JORNADA5-375x211.jpeg\" alt=\"\" width=\"375\" height=\"211\" \/>El Gobierno Municipal de Tlapa de Comonfort, que encabeza el primer presidente ind\u00edgena, Gilberto Solano Arreaga, inici\u00f3 el d\u00e9cimo \u201cFestival Cultural de la Monta\u00f1a\u201d, con motivo del 131 aniversario de la fundaci\u00f3n de Tlapa.<\/p>\n<p>El evento se realiz\u00f3 frente a Palacio Municipal y estuvo amenizado por dos talentosas j\u00f3venes de la ciudad; Iyari Sav y Yazm\u00edn keynes, quienes deleitaron al p\u00fablico con su inigualable voz.<\/p>\n<p>Como n\u00famero especial, estuvo presente el ballet folcl\u00f3rico \u201cPadre de la Patria\u201d, del estado de Hidalgo, quien llen\u00f3 de alegr\u00eda e hizo <img loading=\"lazy\" decoding=\"async\" class=\"alignleft size-medium wp-image-1233599\" src=\"https:\/\/www.acapulco.press\/wp-content\/uploads\/2021\/10\/TLAPA-JORNADA12-375x281.jpeg\" alt=\"\" width=\"375\" height=\"281\" \/>bailar a la audiencia.<\/p>\n<p>En un intermedio y para entregar un reconocimiento a los artistas invitados, el presidente municipal reconoci\u00f3 al talento local, pero tambi\u00e9n celebr\u00f3 la asistencia del ballet internacional.<\/p>\n<p>Solano Arreaga asegur\u00f3 que su intenci\u00f3n ha sido en todo momento engrandecer las fiestas patronales de Tlapa, pues sabe de la fe que la ciudadan\u00eda procesa y de lo importante que es para ellos celebrar como en las grandes ciudades.<\/p>\n<p>Gilberto Solano les record\u00f3 a los vecinos de las diferentes colonias de Tlapa que se dieron cita en ese lugar, que el viernes tambi\u00e9n habr\u00e1 actividades culturales y art\u00edsticas desde muy temprano, para el disfrute de chicos y grandes.<\/p>\n<p>El conocido cantante de la ciudad, No\u00e9 Arriaga Ju\u00e1rez, el tradicional grupo de danzoneros de Tlapa y los Tecuanes de San Nico, cerraron con broche de oro una noche inolvidable.<\/p>\n<p><img loading=\"lazy\" decoding=\"async\" class=\"alignnone wp-image-1233598 size-large\" src=\"https:\/\/www.acapulco.press\/wp-content\/uploads\/2021\/10\/TLAPA-JORNADA11-840x473.jpeg\" alt=\"\" width=\"840\" height=\"473\" \/><\/p>\n<p><img loading=\"lazy\" decoding=\"async\" class=\"alignnone wp-image-1233595 size-large\" src=\"https:\/\/www.acapulco.press\/wp-content\/uploads\/2021\/10\/TLAPA-JORNADA8-840x473.jpeg\" alt=\"\" width=\"840\" height=\"473\" \/><\/p>\n<p><img loading=\"lazy\" decoding=\"async\" class=\"alignnone wp-image-1233599 size-large\" src=\"https:\/\/www.acapulco.press\/wp-content\/uploads\/2021\/10\/TLAPA-JORNADA12-840x630.jpeg\" alt=\"\" width=\"840\" height=\"630\" \/><\/p>\n","protected":false},"excerpt":{"rendered":"<p>] TLAPA DE COMONFORT. * 21 de octubre de 2021. ) Gobierno de Tlapa. El Gobierno Municipal de Tlapa de Comonfort, que encabeza el primer presidente ind\u00edgena, Gilberto Solano Arreaga, inici\u00f3 el d\u00e9cimo \u201cFestival Cultural de la Monta\u00f1a\u201d, con motivo del 131 aniversario de la fundaci\u00f3n de Tlapa. El evento se realiz\u00f3 frente a Palacio&#8230;<\/p>\n","protected":false},"author":2,"featured_media":1233595,"comment_status":"closed","ping_status":"closed","sticky":false,"template":"","format":"standard","meta":{"footnotes":""},"categories":[1972,18589,18561],"tags":[4495,9199,9321],"class_list":["post-1233587","post","type-post","status-publish","format-standard","has-post-thumbnail","hentry","category-special","category-gobierno-de-tlapa","category-society-politics","tag-ayuntamiento-de-tlapa","tag-gilberto-solano-arreaga","tag-gobierno-de-tlapa"],"_links":{"self":[{"href":"https:\/\/www.acapulcopress.com\/index.php\/wp-json\/wp\/v2\/posts\/1233587","targetHints":{"allow":["GET"]}}],"collection":[{"href":"https:\/\/www.acapulcopress.com\/index.php\/wp-json\/wp\/v2\/posts"}],"about":[{"href":"https:\/\/www.acapulcopress.com\/index.php\/wp-json\/wp\/v2\/types\/post"}],"author":[{"embeddable":true,"href":"https:\/\/www.acapulcopress.com\/index.php\/wp-json\/wp\/v2\/users\/2"}],"replies":[{"embeddable":true,"href":"https:\/\/www.acapulcopress.com\/index.php\/wp-json\/wp\/v2\/comments?post=1233587"}],"version-history":[{"count":0,"href":"https:\/\/www.acapulcopress.com\/index.php\/wp-json\/wp\/v2\/posts\/1233587\/revisions"}],"wp:featuredmedia":[{"embeddable":true,"href":"https:\/\/www.acapulcopress.com\/index.php\/wp-json\/"}],"wp:attachment":[{"href":"https:\/\/www.acapulcopress.com\/index.php\/wp-json\/wp\/v2\/media?parent=1233587"}],"wp:term":[{"taxonomy":"category","embeddable":true,"href":"https:\/\/www.acapulcopress.com\/index.php\/wp-json\/wp\/v2\/categories?post=1233587"},{"taxonomy":"post_tag","embeddable":true,"href":"https:\/\/www.acapulcopress.com\/index.php\/wp-json\/wp\/v2\/tags?post=1233587"}],"curies":[{"name":"wp","href":"https:\/\/api.w.org\/{rel}","templated":true}]}}