{"id":1233604,"date":"2021-10-21T23:43:52","date_gmt":"2021-10-22T04:43:52","guid":{"rendered":"https:\/\/www.acapulco.press\/?p=1233604"},"modified":"2021-10-21T23:43:52","modified_gmt":"2021-10-22T04:43:52","slug":"evelyn-salgado-gobernadora-suplantada-o-minimizada","status":"publish","type":"post","link":"https:\/\/www.acapulcopress.com\/index.php\/2021\/10\/21\/evelyn-salgado-gobernadora-suplantada-o-minimizada\/","title":{"rendered":"Evelyn Salgado | \u00bfGobernadora suplantada o minimizada?"},"content":{"rendered":"<p style=\"text-align: justify;\"><strong>E d i t o r i a l<\/strong><\/p>\n<p style=\"text-align: justify;\">No es tanto que la &#8216;torita&#8217; sea demasiado sumisa a su padre, sino que algunos medios y periodistas &#8211;adem\u00e1s de seguidores&#8211; engrandecen a F\u00e9lix Salgado como si fuera la figura central de la Galaxia con tal de pretender congratularse con quien suponen palomea las &#8216;gratificaciones&#8217; o convenios publicitarios, soslayando la investidura constitucional de la gobernadora, de quien debe ser la \u00faltima palabra respecto a las decisiones de Estado. Aunque quiz\u00e1 tengan algo de raz\u00f3n quienes prefieren agraciarse con el padre y darle todos los cr\u00e9ditos del rol constitucional que asume su hija, tampoco estar\u00eda mal que Evelyn Salgado asumiera su responsabilidad con empoderamiento y marcara sanas distancias donde su investidura se vea comprometida por la sombra de su padre. Nada puede separar el cari\u00f1o de un padre hacia sus hijos, o viceversa, pero en cuestiones de Estado, la responsabilidad con los gobernados est\u00e1 por encima de los afectos familiares.<br \/>\n<strong>www.acapulco.press<\/strong><\/p>\n","protected":false},"excerpt":{"rendered":"<p>E d i t o r i a l No es tanto que la &#8216;torita&#8217; sea demasiado sumisa a su padre, sino que algunos medios y periodistas &#8211;adem\u00e1s de seguidores&#8211; engrandecen a F\u00e9lix Salgado como si fuera la figura central de la Galaxia con tal de pretender congratularse con quien suponen palomea las &#8216;gratificaciones&#8217; o&#8230;<\/p>\n","protected":false},"author":2,"featured_media":1233605,"comment_status":"closed","ping_status":"closed","sticky":false,"template":"","format":"standard","meta":{"footnotes":""},"categories":[2048,2008],"tags":[8251,8467,9302,13297],"class_list":["post-1233604","post","type-post","status-publish","format-standard","has-post-thumbnail","hentry","category-editorial-editorial","category-editorial","tag-evelyn-salgado-pineda","tag-felix-salgado-macedonio","tag-gobierno-de-guerrero","tag-morena"],"_links":{"self":[{"href":"https:\/\/www.acapulcopress.com\/index.php\/wp-json\/wp\/v2\/posts\/1233604","targetHints":{"allow":["GET"]}}],"collection":[{"href":"https:\/\/www.acapulcopress.com\/index.php\/wp-json\/wp\/v2\/posts"}],"about":[{"href":"https:\/\/www.acapulcopress.com\/index.php\/wp-json\/wp\/v2\/types\/post"}],"author":[{"embeddable":true,"href":"https:\/\/www.acapulcopress.com\/index.php\/wp-json\/wp\/v2\/users\/2"}],"replies":[{"embeddable":true,"href":"https:\/\/www.acapulcopress.com\/index.php\/wp-json\/wp\/v2\/comments?post=1233604"}],"version-history":[{"count":0,"href":"https:\/\/www.acapulcopress.com\/index.php\/wp-json\/wp\/v2\/posts\/1233604\/revisions"}],"wp:featuredmedia":[{"embeddable":true,"href":"https:\/\/www.acapulcopress.com\/index.php\/wp-json\/"}],"wp:attachment":[{"href":"https:\/\/www.acapulcopress.com\/index.php\/wp-json\/wp\/v2\/media?parent=1233604"}],"wp:term":[{"taxonomy":"category","embeddable":true,"href":"https:\/\/www.acapulcopress.com\/index.php\/wp-json\/wp\/v2\/categories?post=1233604"},{"taxonomy":"post_tag","embeddable":true,"href":"https:\/\/www.acapulcopress.com\/index.php\/wp-json\/wp\/v2\/tags?post=1233604"}],"curies":[{"name":"wp","href":"https:\/\/api.w.org\/{rel}","templated":true}]}}