{"id":1233614,"date":"2021-10-22T13:39:10","date_gmt":"2021-10-22T18:39:10","guid":{"rendered":"https:\/\/www.acapulco.press\/?p=1233614"},"modified":"2021-10-22T13:39:10","modified_gmt":"2021-10-22T18:39:10","slug":"honor-a-quien-honor-merece-reconoce-coneval-desempeno-de-hector-astudillo-como-gobernador-de-guerrero","status":"publish","type":"post","link":"https:\/\/www.acapulcopress.com\/index.php\/2021\/10\/22\/honor-a-quien-honor-merece-reconoce-coneval-desempeno-de-hector-astudillo-como-gobernador-de-guerrero\/","title":{"rendered":"Honor a quien honor merece | Reconoce Coneval desempe\u00f1o de H\u00e9ctor Astudillo como Gobernador de Guerrero"},"content":{"rendered":"<p style=\"text-align: justify;\">] CONEVAL. * 22 de octubre de 2021.<br \/>\n<em>) Especial.<\/em><\/p>\n<p style=\"text-align: justify;\">El Consejo Nacional de Evaluaci\u00f3n de la Politica de Desarrollo Social (Coneval) seleccion\u00f3 al exgobernador de Guerrero, H\u00e9ctor Astudillo Flores, para otorgarle hoy un merecido reconocmiento a su destacado trabajo realizado durante su gobierno a favor del Estado y la poblaci\u00f3n guerrerense.<\/p>\n<p style=\"text-align: justify;\">La administraci\u00f3n de H\u00e9ctor Astudillo fue reconocida por obtener \u00abel mayor avance pr\u00e1ctico de 2019 a 2021\u00bb en el \u00ab\u00cdndice del Diagn\u00f3stico del Avance en Monitoreo y Evaluaci\u00f3n en las Entidades Federativas 2021\u00bb.<\/p>\n<p style=\"text-align: justify;\">A trav\u00e9s de una sesi\u00f3n virtual del Coneval se hizo p\u00fablico el reconocimiento a uno de los mejores gobernadores que ha tenido el Estado de Guererro, H\u00e9ctor Astudillo Flores, quien agradeci\u00f3 que, pese a los altibajos que tuvo que sortear al gobernar una entidad dif\u00edcil como Guerrero, halla podido salir avante de la responsabilidad que le fue conferida por los guerrerenses desde el 2015 al 2021.<\/p>\n<p><code><iframe loading=\"lazy\" style=\"border: none; overflow: hidden;\" src=\"https:\/\/www.facebook.com\/plugins\/video.php?height=314&amp;href=https%3A%2F%2Fwww.facebook.com%2Fblancoangel.press%2Fvideos%2F257927246144307%2F&amp;show_text=false&amp;width=560&amp;t=0\" width=\"560\" height=\"314\" frameborder=\"0\" scrolling=\"no\" allowfullscreen=\"allowfullscreen\"><\/iframe><\/code><\/p>\n","protected":false},"excerpt":{"rendered":"<p>] CONEVAL. * 22 de octubre de 2021. ) Especial. El Consejo Nacional de Evaluaci\u00f3n de la Politica de Desarrollo Social (Coneval) seleccion\u00f3 al exgobernador de Guerrero, H\u00e9ctor Astudillo Flores, para otorgarle hoy un merecido reconocmiento a su destacado trabajo realizado durante su gobierno a favor del Estado y la poblaci\u00f3n guerrerense. La administraci\u00f3n de&#8230;<\/p>\n","protected":false},"author":2,"featured_media":1233616,"comment_status":"closed","ping_status":"closed","sticky":false,"template":"","format":"standard","meta":{"footnotes":""},"categories":[1972],"tags":[6487,9705],"class_list":["post-1233614","post","type-post","status-publish","format-standard","has-post-thumbnail","hentry","category-special","tag-consejo-nacional-de-evaluacion-de-la-politica-de-desarrollo-social-coneval","tag-hector-astudillo-flores"],"_links":{"self":[{"href":"https:\/\/www.acapulcopress.com\/index.php\/wp-json\/wp\/v2\/posts\/1233614","targetHints":{"allow":["GET"]}}],"collection":[{"href":"https:\/\/www.acapulcopress.com\/index.php\/wp-json\/wp\/v2\/posts"}],"about":[{"href":"https:\/\/www.acapulcopress.com\/index.php\/wp-json\/wp\/v2\/types\/post"}],"author":[{"embeddable":true,"href":"https:\/\/www.acapulcopress.com\/index.php\/wp-json\/wp\/v2\/users\/2"}],"replies":[{"embeddable":true,"href":"https:\/\/www.acapulcopress.com\/index.php\/wp-json\/wp\/v2\/comments?post=1233614"}],"version-history":[{"count":0,"href":"https:\/\/www.acapulcopress.com\/index.php\/wp-json\/wp\/v2\/posts\/1233614\/revisions"}],"wp:featuredmedia":[{"embeddable":true,"href":"https:\/\/www.acapulcopress.com\/index.php\/wp-json\/"}],"wp:attachment":[{"href":"https:\/\/www.acapulcopress.com\/index.php\/wp-json\/wp\/v2\/media?parent=1233614"}],"wp:term":[{"taxonomy":"category","embeddable":true,"href":"https:\/\/www.acapulcopress.com\/index.php\/wp-json\/wp\/v2\/categories?post=1233614"},{"taxonomy":"post_tag","embeddable":true,"href":"https:\/\/www.acapulcopress.com\/index.php\/wp-json\/wp\/v2\/tags?post=1233614"}],"curies":[{"name":"wp","href":"https:\/\/api.w.org\/{rel}","templated":true}]}}