{"id":1233623,"date":"2021-10-22T14:14:25","date_gmt":"2021-10-22T19:14:25","guid":{"rendered":"https:\/\/www.acapulco.press\/?p=1233623"},"modified":"2021-10-22T14:14:25","modified_gmt":"2021-10-22T19:14:25","slug":"trabajadores-de-seg-dan-cordial-bienvenida-a-marcial-rodriguez-como-secretario-de-educacion","status":"publish","type":"post","link":"https:\/\/www.acapulcopress.com\/index.php\/2021\/10\/22\/trabajadores-de-seg-dan-cordial-bienvenida-a-marcial-rodriguez-como-secretario-de-educacion\/","title":{"rendered":"Trabajadores de SEG dan cordial bienvenida a Marcial Rodr\u00edguez como secretario de Educaci\u00f3n"},"content":{"rendered":"<p>] CHILPANCINGO. * 22 de octubre de 2021.<br \/>\n<em>) SEG.<\/em><\/p>\n<p style=\"text-align: justify;\">El secretario de Educaci\u00f3n en Guerrero, Marcial Rodr\u00edguez Salda\u00f1a, sostuvo un cordial encuentro con trabajadores que forman parte del despacho de la Secretar\u00eda, a quienes reconoci\u00f3 el trabajo que han realizado en favor de la educaci\u00f3n.<\/p>\n<p>Rodr\u00edguez Salda\u00f1a se comprometi\u00f3 a ser respetuoso de los derechos laborales y convoc\u00f3 a todos a sumar esfuerzos y trabajar de manera coordinada y respetuosa para juntos lograr las metas educativas.<\/p>\n<p><img loading=\"lazy\" decoding=\"async\" class=\"alignnone wp-image-1233626 size-large\" src=\"https:\/\/www.acapulco.press\/wp-content\/uploads\/2021\/10\/SEG-840x430.jpg\" alt=\"\" width=\"840\" height=\"430\" \/><\/p>\n","protected":false},"excerpt":{"rendered":"<p>] CHILPANCINGO. * 22 de octubre de 2021. ) SEG. El secretario de Educaci\u00f3n en Guerrero, Marcial Rodr\u00edguez Salda\u00f1a, sostuvo un cordial encuentro con trabajadores que forman parte del despacho de la Secretar\u00eda, a quienes reconoci\u00f3 el trabajo que han realizado en favor de la educaci\u00f3n. Rodr\u00edguez Salda\u00f1a se comprometi\u00f3 a ser respetuoso de los&#8230;<\/p>\n","protected":false},"author":2,"featured_media":1233626,"comment_status":"closed","ping_status":"closed","sticky":false,"template":"","format":"standard","meta":{"footnotes":""},"categories":[1969,2081],"tags":[12457,16169,16362],"class_list":["post-1233623","post","type-post","status-publish","format-standard","has-post-thumbnail","hentry","category-trending","category-seg","tag-marcial-rodriguez-saldana","tag-secretaria-de-educacion-guerrero-seg","tag-seg"],"_links":{"self":[{"href":"https:\/\/www.acapulcopress.com\/index.php\/wp-json\/wp\/v2\/posts\/1233623","targetHints":{"allow":["GET"]}}],"collection":[{"href":"https:\/\/www.acapulcopress.com\/index.php\/wp-json\/wp\/v2\/posts"}],"about":[{"href":"https:\/\/www.acapulcopress.com\/index.php\/wp-json\/wp\/v2\/types\/post"}],"author":[{"embeddable":true,"href":"https:\/\/www.acapulcopress.com\/index.php\/wp-json\/wp\/v2\/users\/2"}],"replies":[{"embeddable":true,"href":"https:\/\/www.acapulcopress.com\/index.php\/wp-json\/wp\/v2\/comments?post=1233623"}],"version-history":[{"count":0,"href":"https:\/\/www.acapulcopress.com\/index.php\/wp-json\/wp\/v2\/posts\/1233623\/revisions"}],"wp:featuredmedia":[{"embeddable":true,"href":"https:\/\/www.acapulcopress.com\/index.php\/wp-json\/"}],"wp:attachment":[{"href":"https:\/\/www.acapulcopress.com\/index.php\/wp-json\/wp\/v2\/media?parent=1233623"}],"wp:term":[{"taxonomy":"category","embeddable":true,"href":"https:\/\/www.acapulcopress.com\/index.php\/wp-json\/wp\/v2\/categories?post=1233623"},{"taxonomy":"post_tag","embeddable":true,"href":"https:\/\/www.acapulcopress.com\/index.php\/wp-json\/wp\/v2\/tags?post=1233623"}],"curies":[{"name":"wp","href":"https:\/\/api.w.org\/{rel}","templated":true}]}}