{"id":1233633,"date":"2021-10-22T14:31:41","date_gmt":"2021-10-22T19:31:41","guid":{"rendered":"https:\/\/www.acapulco.press\/?p=1233633"},"modified":"2021-10-22T14:31:41","modified_gmt":"2021-10-22T19:31:41","slug":"uagro-conmemora-61-aniversario-de-la-huelga-estudiantil-de-1960","status":"publish","type":"post","link":"https:\/\/www.acapulcopress.com\/index.php\/2021\/10\/22\/uagro-conmemora-61-aniversario-de-la-huelga-estudiantil-de-1960\/","title":{"rendered":"UAGro conmemora 61 aniversario de la Huelga Estudiantil de 1960"},"content":{"rendered":"<p style=\"text-align: justify;\">] CHILPANCINGO. * 21 de octubre de 2021.<br \/>\n<em>) UAGro.<\/em><\/p>\n<p style=\"text-align: justify;\">El rector de la Universidad Aut\u00f3noma de Guerrero, Jos\u00e9 Alfredo Romero Olea, funcionarios, l\u00edderes sindicales, docentes, estudiantes y familiares de los ca\u00eddos del Movimiento de 1960, conmemoraron del 61 aniversario del inicio de la Huelga Estudiantil, que concluir\u00eda el 30 de diciembre con la masacre de 19 personas para obtener la autonom\u00eda de la m\u00e1xima casa de estudios.<\/p>\n<p style=\"text-align: justify;\">Romero Olea honr\u00f3 la memoria de los estudiantes y personas del pueblo que dieron su vida para la conformaci\u00f3n de la Aut\u00f3noma de Guerrero y en honor a esa lucha ratific\u00f3 que \u201clos universitarios sabremos siempre defender el principio fundamental de la autonom\u00eda\u201d.<\/p>\n<p style=\"text-align: justify;\">\u201cHay quienes quieren atentar contra los m\u00e1ximos \u00f3rganos de gobierno de la instituci\u00f3n y la autonom\u00eda, los universitarios sabremos siempre defender este principio y no vamos a dejar que intenten violentar la autonom\u00eda universitaria; los asuntos de la instituci\u00f3n los resolvemos los universitarios\u201d, puntualiz\u00f3.<\/p>\n<p style=\"text-align: justify;\">Reunidos en las instalaciones del ex Edificio Docente del Colegio del Estado, que hoy alberga las Preparatorias 1 y 9, el rector de la UAGro dijo que los universitarios \u201cnunca hemos dudado en honrar la memoria para conmemorar a los h\u00e9roes que dieron su vida en esta capital y que murieron por exigir mejores condiciones para sus hijos\u201d.<\/p>\n<p style=\"text-align: justify;\">Se\u00f1al\u00f3 que a 61 a\u00f1os del inicio de la Huelga Estudiantil, \u201crefrendamos el compromiso social de la Universidad Aut\u00f3noma de Guerrero y seguimos honrando a nuestros ca\u00eddos, sus demandas, su lucha y sus ideales; hoy les rendimos el mejor de sus homenajes cumpliendo por lo que lucharon hace 61 a\u00f1os, con una instituci\u00f3n participativa, democr\u00e1tica y de calidad acad\u00e9mica\u201d.<\/p>\n<p style=\"text-align: justify;\">Romero Olea llam\u00f3 a los universitarios para cumplir con los principios de la lucha universitaria y ratific\u00f3 que su administraci\u00f3n afrontar\u00e1 las circunstancias \u201cdialogando y platicando, los asuntos se resuelven dentro de la ley y los \u00f3rganos instituidos por nuestra legislaci\u00f3n\u201d.<\/p>\n","protected":false},"excerpt":{"rendered":"<p>] CHILPANCINGO. * 21 de octubre de 2021. ) UAGro. El rector de la Universidad Aut\u00f3noma de Guerrero, Jos\u00e9 Alfredo Romero Olea, funcionarios, l\u00edderes sindicales, docentes, estudiantes y familiares de los ca\u00eddos del Movimiento de 1960, conmemoraron del 61 aniversario del inicio de la Huelga Estudiantil, que concluir\u00eda el 30 de diciembre con la masacre&#8230;<\/p>\n","protected":false},"author":2,"featured_media":1233634,"comment_status":"closed","ping_status":"closed","sticky":false,"template":"","format":"standard","meta":{"footnotes":""},"categories":[18561,2016],"tags":[2896,10980,17610],"class_list":["post-1233633","post","type-post","status-publish","format-standard","has-post-thumbnail","hentry","category-society-politics","category-uagro-society-politics","tag-uagro-2","tag-jose-alfredo-romero-olea","tag-universidad-autonoma-de-guerrero-uagro"],"_links":{"self":[{"href":"https:\/\/www.acapulcopress.com\/index.php\/wp-json\/wp\/v2\/posts\/1233633","targetHints":{"allow":["GET"]}}],"collection":[{"href":"https:\/\/www.acapulcopress.com\/index.php\/wp-json\/wp\/v2\/posts"}],"about":[{"href":"https:\/\/www.acapulcopress.com\/index.php\/wp-json\/wp\/v2\/types\/post"}],"author":[{"embeddable":true,"href":"https:\/\/www.acapulcopress.com\/index.php\/wp-json\/wp\/v2\/users\/2"}],"replies":[{"embeddable":true,"href":"https:\/\/www.acapulcopress.com\/index.php\/wp-json\/wp\/v2\/comments?post=1233633"}],"version-history":[{"count":0,"href":"https:\/\/www.acapulcopress.com\/index.php\/wp-json\/wp\/v2\/posts\/1233633\/revisions"}],"wp:featuredmedia":[{"embeddable":true,"href":"https:\/\/www.acapulcopress.com\/index.php\/wp-json\/"}],"wp:attachment":[{"href":"https:\/\/www.acapulcopress.com\/index.php\/wp-json\/wp\/v2\/media?parent=1233633"}],"wp:term":[{"taxonomy":"category","embeddable":true,"href":"https:\/\/www.acapulcopress.com\/index.php\/wp-json\/wp\/v2\/categories?post=1233633"},{"taxonomy":"post_tag","embeddable":true,"href":"https:\/\/www.acapulcopress.com\/index.php\/wp-json\/wp\/v2\/tags?post=1233633"}],"curies":[{"name":"wp","href":"https:\/\/api.w.org\/{rel}","templated":true}]}}