{"id":1233645,"date":"2021-10-22T15:24:08","date_gmt":"2021-10-22T20:24:08","guid":{"rendered":"https:\/\/www.acapulco.press\/?p=1233645"},"modified":"2021-10-22T15:24:08","modified_gmt":"2021-10-22T20:24:08","slug":"fiscalia-guerrero-consigue-prision-preventiva-para-secuestrador-de-teloloapan","status":"publish","type":"post","link":"https:\/\/www.acapulcopress.com\/index.php\/2021\/10\/22\/fiscalia-guerrero-consigue-prision-preventiva-para-secuestrador-de-teloloapan\/","title":{"rendered":"Fiscal\u00eda Guerrero consigue prisi\u00f3n preventiva para secuestrador de Teloloapan"},"content":{"rendered":"<p style=\"text-align: justify;\">] CHILPANCINGO. * 22 de octubre de 2021.<br \/>\n<em>) <a href=\"https:\/\/fiscaliaguerrero.gob.mx\" target=\"_blank\" rel=\"noopener\">https:\/\/fiscaliaguerrero.gob.mx<\/a>.<\/em><\/p>\n<p style=\"text-align: justify;\">Como probable responsable del delito de secuestro agravado en contra de Alan Alberto \u00abN\u00bb, el Ministerio P\u00fablico obtuvo prisi\u00f3n preventiva oficiosa quedando interno en el Centro de Reinserci\u00f3n Social de Iguala de la Independencia.<\/p>\n<p style=\"text-align: justify;\">El imputado es acusado por hechos acontecidos el d\u00eda 19 de febrero de 2020, se\u00f1alados en la carpeta judicial C-60\/2020 cuando en compa\u00f1\u00eda de otras personas del sexo masculino, privaron de la libertad a la menor v\u00edctima en el poblado de Acatempa, municipio de Teloloapan, exigiendo a sus familiares un pago por su rescate.<\/p>\n<p style=\"text-align: justify;\">Con fecha 21 de octubre de 2021 se celebr\u00f3 la audiencia inicial y el Ministerio P\u00fablico aport\u00f3 los datos de prueba ante el Juez de Control y Enjuiciamiento penal, quien dict\u00f3 prisi\u00f3n preventiva oficiosa en contra del imputado quedando interno en el Centro de Reinserci\u00f3n Social de Iguala de la Independencia, en espera de la siguiente audiencia.<\/p>\n","protected":false},"excerpt":{"rendered":"<p>] CHILPANCINGO. * 22 de octubre de 2021. ) https:\/\/fiscaliaguerrero.gob.mx. Como probable responsable del delito de secuestro agravado en contra de Alan Alberto \u00abN\u00bb, el Ministerio P\u00fablico obtuvo prisi\u00f3n preventiva oficiosa quedando interno en el Centro de Reinserci\u00f3n Social de Iguala de la Independencia. El imputado es acusado por hechos acontecidos el d\u00eda 19 de&#8230;<\/p>\n","protected":false},"author":2,"featured_media":1233646,"comment_status":"closed","ping_status":"closed","sticky":false,"template":"","format":"standard","meta":{"footnotes":""},"categories":[1969,2005],"tags":[8703,10946,14737],"class_list":["post-1233645","post","type-post","status-publish","format-standard","has-post-thumbnail","hentry","category-trending","category-seguridad-y-justicia","tag-fiscalia-general-del-estado-de-guerrero-fge","tag-jorge-zuriel-de-los-santos-barrila","tag-policia-ministerial-de-guerrero"],"_links":{"self":[{"href":"https:\/\/www.acapulcopress.com\/index.php\/wp-json\/wp\/v2\/posts\/1233645","targetHints":{"allow":["GET"]}}],"collection":[{"href":"https:\/\/www.acapulcopress.com\/index.php\/wp-json\/wp\/v2\/posts"}],"about":[{"href":"https:\/\/www.acapulcopress.com\/index.php\/wp-json\/wp\/v2\/types\/post"}],"author":[{"embeddable":true,"href":"https:\/\/www.acapulcopress.com\/index.php\/wp-json\/wp\/v2\/users\/2"}],"replies":[{"embeddable":true,"href":"https:\/\/www.acapulcopress.com\/index.php\/wp-json\/wp\/v2\/comments?post=1233645"}],"version-history":[{"count":0,"href":"https:\/\/www.acapulcopress.com\/index.php\/wp-json\/wp\/v2\/posts\/1233645\/revisions"}],"wp:featuredmedia":[{"embeddable":true,"href":"https:\/\/www.acapulcopress.com\/index.php\/wp-json\/"}],"wp:attachment":[{"href":"https:\/\/www.acapulcopress.com\/index.php\/wp-json\/wp\/v2\/media?parent=1233645"}],"wp:term":[{"taxonomy":"category","embeddable":true,"href":"https:\/\/www.acapulcopress.com\/index.php\/wp-json\/wp\/v2\/categories?post=1233645"},{"taxonomy":"post_tag","embeddable":true,"href":"https:\/\/www.acapulcopress.com\/index.php\/wp-json\/wp\/v2\/tags?post=1233645"}],"curies":[{"name":"wp","href":"https:\/\/api.w.org\/{rel}","templated":true}]}}