{"id":1233673,"date":"2021-10-22T16:59:28","date_gmt":"2021-10-22T21:59:28","guid":{"rendered":"https:\/\/www.acapulco.press\/?p=1233673"},"modified":"2021-10-22T16:59:28","modified_gmt":"2021-10-22T21:59:28","slug":"pide-senador-anorve-no-inmiscuir-a-la-unam-en-el-debate-politico","status":"publish","type":"post","link":"https:\/\/www.acapulcopress.com\/index.php\/2021\/10\/22\/pide-senador-anorve-no-inmiscuir-a-la-unam-en-el-debate-politico\/","title":{"rendered":"Pide Senador A\u00f1orve no inmiscuir a la UNAM en el debate pol\u00edtico"},"content":{"rendered":"<p style=\"text-align: justify;\">] CIUDAD DE M\u00c9XICO. * 22 de octubre de 2021.<br \/>\n<em>) Especial.<\/em><\/p>\n<p style=\"text-align: justify;\">El Senador de la Rep\u00fablica, Manuel A\u00f1orve Ba\u00f1os expres\u00f3 de manera contundente que no se debe pretender se\u00f1alar o politizar a la Universidad Nacional Aut\u00f3noma de M\u00e9xico (UNAM).<\/p>\n<p style=\"text-align: justify;\">Ya que es la m\u00e1xima casa de estudios de nuestro pa\u00eds y merece recibir el respeto de todos los mexicanos, por ser formadora de miles de profesionistas que han abonado al desarrollo de la naci\u00f3n.<\/p>\n<p style=\"text-align: justify;\">\u00abLa UNAM es una instituci\u00f3n de talla internacional y todos debemos darle el respeto que merece. La m\u00e1xima casa de estudios de nuestro pa\u00eds no puede formar parte de debates, ni pol\u00e9micas pol\u00edticas, urge que honremos su autonom\u00eda\u00bb apunt\u00f3 el Senador A\u00f1orve.<\/p>\n<p style=\"text-align: justify;\">Finalmente, confi\u00f3 en que las autoridades nacionales y los legisladores eviten hacer se\u00f1alamientos pol\u00edticos sin sentido y sin fundamentos en contra de la Universidad Nacional.<\/p>\n","protected":false},"excerpt":{"rendered":"<p>] CIUDAD DE M\u00c9XICO. * 22 de octubre de 2021. ) Especial. El Senador de la Rep\u00fablica, Manuel A\u00f1orve Ba\u00f1os expres\u00f3 de manera contundente que no se debe pretender se\u00f1alar o politizar a la Universidad Nacional Aut\u00f3noma de M\u00e9xico (UNAM). Ya que es la m\u00e1xima casa de estudios de nuestro pa\u00eds y merece recibir el&#8230;<\/p>\n","protected":false},"author":2,"featured_media":1233674,"comment_status":"closed","ping_status":"closed","sticky":false,"template":"","format":"standard","meta":{"footnotes":""},"categories":[18561,2009],"tags":[12366,16471,17645],"class_list":["post-1233673","post","type-post","status-publish","format-standard","has-post-thumbnail","hentry","category-society-politics","category-politics","tag-manuel-anorve-banos","tag-senado-de-la-republica","tag-universidad-nacional-autonoma-de-mexico-unam"],"_links":{"self":[{"href":"https:\/\/www.acapulcopress.com\/index.php\/wp-json\/wp\/v2\/posts\/1233673","targetHints":{"allow":["GET"]}}],"collection":[{"href":"https:\/\/www.acapulcopress.com\/index.php\/wp-json\/wp\/v2\/posts"}],"about":[{"href":"https:\/\/www.acapulcopress.com\/index.php\/wp-json\/wp\/v2\/types\/post"}],"author":[{"embeddable":true,"href":"https:\/\/www.acapulcopress.com\/index.php\/wp-json\/wp\/v2\/users\/2"}],"replies":[{"embeddable":true,"href":"https:\/\/www.acapulcopress.com\/index.php\/wp-json\/wp\/v2\/comments?post=1233673"}],"version-history":[{"count":0,"href":"https:\/\/www.acapulcopress.com\/index.php\/wp-json\/wp\/v2\/posts\/1233673\/revisions"}],"wp:featuredmedia":[{"embeddable":true,"href":"https:\/\/www.acapulcopress.com\/index.php\/wp-json\/"}],"wp:attachment":[{"href":"https:\/\/www.acapulcopress.com\/index.php\/wp-json\/wp\/v2\/media?parent=1233673"}],"wp:term":[{"taxonomy":"category","embeddable":true,"href":"https:\/\/www.acapulcopress.com\/index.php\/wp-json\/wp\/v2\/categories?post=1233673"},{"taxonomy":"post_tag","embeddable":true,"href":"https:\/\/www.acapulcopress.com\/index.php\/wp-json\/wp\/v2\/tags?post=1233673"}],"curies":[{"name":"wp","href":"https:\/\/api.w.org\/{rel}","templated":true}]}}