{"id":1233680,"date":"2021-10-23T18:57:44","date_gmt":"2021-10-23T23:57:44","guid":{"rendered":"https:\/\/www.acapulco.press\/?p=1233680"},"modified":"2021-10-23T18:57:44","modified_gmt":"2021-10-23T23:57:44","slug":"fiscalia-guerrero-logra-recluir-en-cereso-de-acapulco-a-un-violador-tulmutuario","status":"publish","type":"post","link":"https:\/\/www.acapulcopress.com\/index.php\/2021\/10\/23\/fiscalia-guerrero-logra-recluir-en-cereso-de-acapulco-a-un-violador-tulmutuario\/","title":{"rendered":"Fiscal\u00eda Guerrero logra recluir en Cereso de Acapulco a un violador tulmutuario"},"content":{"rendered":"<p>] CHILPANCINGO. * 23 de octubre de 2021.<br \/>\n<em>) <a href=\"https:\/\/fiscaliaguerrero.gob.mx\" target=\"_blank\" rel=\"noopener\">https:\/\/fiscaliaguerrero.gob.mx<\/a>.<\/em><\/p>\n<p style=\"text-align: justify;\">Fiscal\u00eda de Guerrero a trav\u00e9s de la Polic\u00eda Investigadora Ministerial, dio cumplimiento al mandato judicial en contra de Artemio \u00abN\u00bb como probable responsable del delito de violaci\u00f3n tumultuaria, hechos en la causa penal 148-2\/06, quedando interno en el Centro de Reinserci\u00f3n Social de Acapulco ante el Juez Tercero de Primera Instancia Penal del Distrito Judicial de Tabares.<\/p>\n","protected":false},"excerpt":{"rendered":"<p>] CHILPANCINGO. * 23 de octubre de 2021. ) https:\/\/fiscaliaguerrero.gob.mx. Fiscal\u00eda de Guerrero a trav\u00e9s de la Polic\u00eda Investigadora Ministerial, dio cumplimiento al mandato judicial en contra de Artemio \u00abN\u00bb como probable responsable del delito de violaci\u00f3n tumultuaria, hechos en la causa penal 148-2\/06, quedando interno en el Centro de Reinserci\u00f3n Social de Acapulco ante&#8230;<\/p>\n","protected":false},"author":2,"featured_media":1233681,"comment_status":"closed","ping_status":"closed","sticky":false,"template":"","format":"standard","meta":{"footnotes":""},"categories":[1969,2005],"tags":[8703,10946,14737],"class_list":["post-1233680","post","type-post","status-publish","format-standard","has-post-thumbnail","hentry","category-trending","category-seguridad-y-justicia","tag-fiscalia-general-del-estado-de-guerrero-fge","tag-jorge-zuriel-de-los-santos-barrila","tag-policia-ministerial-de-guerrero"],"_links":{"self":[{"href":"https:\/\/www.acapulcopress.com\/index.php\/wp-json\/wp\/v2\/posts\/1233680","targetHints":{"allow":["GET"]}}],"collection":[{"href":"https:\/\/www.acapulcopress.com\/index.php\/wp-json\/wp\/v2\/posts"}],"about":[{"href":"https:\/\/www.acapulcopress.com\/index.php\/wp-json\/wp\/v2\/types\/post"}],"author":[{"embeddable":true,"href":"https:\/\/www.acapulcopress.com\/index.php\/wp-json\/wp\/v2\/users\/2"}],"replies":[{"embeddable":true,"href":"https:\/\/www.acapulcopress.com\/index.php\/wp-json\/wp\/v2\/comments?post=1233680"}],"version-history":[{"count":0,"href":"https:\/\/www.acapulcopress.com\/index.php\/wp-json\/wp\/v2\/posts\/1233680\/revisions"}],"wp:featuredmedia":[{"embeddable":true,"href":"https:\/\/www.acapulcopress.com\/index.php\/wp-json\/"}],"wp:attachment":[{"href":"https:\/\/www.acapulcopress.com\/index.php\/wp-json\/wp\/v2\/media?parent=1233680"}],"wp:term":[{"taxonomy":"category","embeddable":true,"href":"https:\/\/www.acapulcopress.com\/index.php\/wp-json\/wp\/v2\/categories?post=1233680"},{"taxonomy":"post_tag","embeddable":true,"href":"https:\/\/www.acapulcopress.com\/index.php\/wp-json\/wp\/v2\/tags?post=1233680"}],"curies":[{"name":"wp","href":"https:\/\/api.w.org\/{rel}","templated":true}]}}