{"id":1233697,"date":"2021-10-23T19:55:18","date_gmt":"2021-10-24T00:55:18","guid":{"rendered":"https:\/\/www.acapulco.press\/?p=1233697"},"modified":"2021-10-23T19:55:18","modified_gmt":"2021-10-24T00:55:18","slug":"atiende-secretario-de-educacion-de-guerrero-a-maestros-y-padres-de-familia-de-la-montana","status":"publish","type":"post","link":"https:\/\/www.acapulcopress.com\/index.php\/2021\/10\/23\/atiende-secretario-de-educacion-de-guerrero-a-maestros-y-padres-de-familia-de-la-montana\/","title":{"rendered":"Atiende secretario de Educaci\u00f3n de Guerrero a maestros y padres de familia de La Monta\u00f1a"},"content":{"rendered":"<p><img loading=\"lazy\" decoding=\"async\" class=\"alignnone wp-image-1233700 \" src=\"https:\/\/www.acapulco.press\/wp-content\/uploads\/2021\/10\/marcial-montana2.jpg\" alt=\"\" width=\"804\" height=\"603\" \/><\/p>\n<p>] TLAPA DE COMONFORT. * 23 de octubre de 2021.<br \/>\n<em>) Especial.<\/em><\/p>\n<p style=\"text-align: justify;\">El Secretario de Educaci\u00f3n en Guerrero Dr. Marcial Rodr\u00edguez Salda\u00f1a, atendi\u00f3 a madres, padres de familia y docentes de diversos subsistemas educativos en esta ciudad, con quienes dialog\u00f3 y escuch\u00f3 sus peticiones, las cuales ser\u00e1n encausadas a las \u00e1reas correspondientes de la dependencia a su cargo.<\/p>\n<p style=\"text-align: justify;\">El titular de la SEG manifest\u00f3 que la indicaci\u00f3n de la gobernadora del Estado, Mtra. Evelyn Cecia Salgado Pineda es de trabajar en territorio, dialogar y atender a todo el magisterio guerrerense, estudiantes, madres y padres de familia.<\/p>\n<div style=\"width: 640px;\" class=\"wp-video\"><video class=\"wp-video-shortcode\" id=\"video-1233697-1\" width=\"640\" height=\"352\" preload=\"metadata\" controls=\"controls\"><source type=\"video\/mp4\" src=\"https:\/\/www.acapulco.press\/wp-content\/uploads\/2021\/10\/MARCIAL-RODRIGUEZ-SEG.mp4?_=1\" \/><a href=\"https:\/\/www.acapulco.press\/wp-content\/uploads\/2021\/10\/MARCIAL-RODRIGUEZ-SEG.mp4\">https:\/\/www.acapulco.press\/wp-content\/uploads\/2021\/10\/MARCIAL-RODRIGUEZ-SEG.mp4<\/a><\/video><\/div>\n","protected":false},"excerpt":{"rendered":"<p>] TLAPA DE COMONFORT. * 23 de octubre de 2021. ) Especial. El Secretario de Educaci\u00f3n en Guerrero Dr. Marcial Rodr\u00edguez Salda\u00f1a, atendi\u00f3 a madres, padres de familia y docentes de diversos subsistemas educativos en esta ciudad, con quienes dialog\u00f3 y escuch\u00f3 sus peticiones, las cuales ser\u00e1n encausadas a las \u00e1reas correspondientes de la dependencia&#8230;<\/p>\n","protected":false},"author":2,"featured_media":1233699,"comment_status":"closed","ping_status":"closed","sticky":false,"template":"","format":"standard","meta":{"footnotes":""},"categories":[1969,2081],"tags":[12457,16169,16362],"class_list":["post-1233697","post","type-post","status-publish","format-standard","has-post-thumbnail","hentry","category-trending","category-seg","tag-marcial-rodriguez-saldana","tag-secretaria-de-educacion-guerrero-seg","tag-seg"],"_links":{"self":[{"href":"https:\/\/www.acapulcopress.com\/index.php\/wp-json\/wp\/v2\/posts\/1233697","targetHints":{"allow":["GET"]}}],"collection":[{"href":"https:\/\/www.acapulcopress.com\/index.php\/wp-json\/wp\/v2\/posts"}],"about":[{"href":"https:\/\/www.acapulcopress.com\/index.php\/wp-json\/wp\/v2\/types\/post"}],"author":[{"embeddable":true,"href":"https:\/\/www.acapulcopress.com\/index.php\/wp-json\/wp\/v2\/users\/2"}],"replies":[{"embeddable":true,"href":"https:\/\/www.acapulcopress.com\/index.php\/wp-json\/wp\/v2\/comments?post=1233697"}],"version-history":[{"count":0,"href":"https:\/\/www.acapulcopress.com\/index.php\/wp-json\/wp\/v2\/posts\/1233697\/revisions"}],"wp:featuredmedia":[{"embeddable":true,"href":"https:\/\/www.acapulcopress.com\/index.php\/wp-json\/"}],"wp:attachment":[{"href":"https:\/\/www.acapulcopress.com\/index.php\/wp-json\/wp\/v2\/media?parent=1233697"}],"wp:term":[{"taxonomy":"category","embeddable":true,"href":"https:\/\/www.acapulcopress.com\/index.php\/wp-json\/wp\/v2\/categories?post=1233697"},{"taxonomy":"post_tag","embeddable":true,"href":"https:\/\/www.acapulcopress.com\/index.php\/wp-json\/wp\/v2\/tags?post=1233697"}],"curies":[{"name":"wp","href":"https:\/\/api.w.org\/{rel}","templated":true}]}}