{"id":1233708,"date":"2021-10-25T23:45:34","date_gmt":"2021-10-26T04:45:34","guid":{"rendered":"https:\/\/www.acapulco.press\/?p=1233708"},"modified":"2021-10-25T23:45:34","modified_gmt":"2021-10-26T04:45:34","slug":"fiscalia-vincula-a-proceso-a-violador-de-olinala","status":"publish","type":"post","link":"https:\/\/www.acapulcopress.com\/index.php\/2021\/10\/25\/fiscalia-vincula-a-proceso-a-violador-de-olinala\/","title":{"rendered":"Fiscal\u00eda vincula a proceso a violador de Olinal\u00e1"},"content":{"rendered":"<p>] CHILPANCINGO. * 25 de octubre de 2021.<br \/>\n<em>)<a href=\"https:\/\/fiscaliaguerrero.gob.mx\" target=\"_blank\" rel=\"noopener\"> https:\/\/fiscaliaguerrero.gob.mx<\/a>.<\/em><\/p>\n<p style=\"text-align: justify;\">El Ministerio P\u00fablico en Tlapa de Comonfort obtuvo vinculaci\u00f3n a proceso en contra de Jos\u00e9 Alfredo \u00abN\u00bb, como probable responsable del delito de violaci\u00f3n equiparada agravada, en el municipio de Olinal\u00e1.<\/p>\n<p style=\"text-align: justify;\">La menor v\u00edctima refiere que eran aproximadamente las 4:00 horas cuando el imputado le hizo tocamientos inapropiados y cometi\u00f3 el delito, en el domicilio que ambos habitaban, hechos relacionados con la carpeta judicial C-312\/2021.<\/p>\n<p style=\"text-align: justify;\">Con fecha 25 de octubre de 2021, se llev\u00f3 a cabo la continuaci\u00f3n de la audiencia inicial, aportando el Ministerio P\u00fablico los datos de prueba ante el Juez de Control, quien dict\u00f3 vinculaci\u00f3n a proceso en contra del imputado, otorgando como plazo tres meses de investigaci\u00f3n complementaria, quedando interno en el Centro de Reinserci\u00f3n Social de Tlapa de Comonfort.<\/p>\n<p style=\"text-align: justify;\">La Fiscal\u00eda General del Estado continuar\u00e1 investigando los delitos del fuero com\u00fan y con especial seguimiento los cometidos en temas de igualdad de g\u00e9nero y menores de edad en el estado de Guerrero.<\/p>\n","protected":false},"excerpt":{"rendered":"<p>] CHILPANCINGO. * 25 de octubre de 2021. ) https:\/\/fiscaliaguerrero.gob.mx. El Ministerio P\u00fablico en Tlapa de Comonfort obtuvo vinculaci\u00f3n a proceso en contra de Jos\u00e9 Alfredo \u00abN\u00bb, como probable responsable del delito de violaci\u00f3n equiparada agravada, en el municipio de Olinal\u00e1. La menor v\u00edctima refiere que eran aproximadamente las 4:00 horas cuando el imputado le&#8230;<\/p>\n","protected":false},"author":2,"featured_media":1233709,"comment_status":"closed","ping_status":"closed","sticky":false,"template":"","format":"standard","meta":{"footnotes":""},"categories":[1969,2005],"tags":[8703,10946,14737],"class_list":["post-1233708","post","type-post","status-publish","format-standard","has-post-thumbnail","hentry","category-trending","category-seguridad-y-justicia","tag-fiscalia-general-del-estado-de-guerrero-fge","tag-jorge-zuriel-de-los-santos-barrila","tag-policia-ministerial-de-guerrero"],"_links":{"self":[{"href":"https:\/\/www.acapulcopress.com\/index.php\/wp-json\/wp\/v2\/posts\/1233708","targetHints":{"allow":["GET"]}}],"collection":[{"href":"https:\/\/www.acapulcopress.com\/index.php\/wp-json\/wp\/v2\/posts"}],"about":[{"href":"https:\/\/www.acapulcopress.com\/index.php\/wp-json\/wp\/v2\/types\/post"}],"author":[{"embeddable":true,"href":"https:\/\/www.acapulcopress.com\/index.php\/wp-json\/wp\/v2\/users\/2"}],"replies":[{"embeddable":true,"href":"https:\/\/www.acapulcopress.com\/index.php\/wp-json\/wp\/v2\/comments?post=1233708"}],"version-history":[{"count":0,"href":"https:\/\/www.acapulcopress.com\/index.php\/wp-json\/wp\/v2\/posts\/1233708\/revisions"}],"wp:featuredmedia":[{"embeddable":true,"href":"https:\/\/www.acapulcopress.com\/index.php\/wp-json\/"}],"wp:attachment":[{"href":"https:\/\/www.acapulcopress.com\/index.php\/wp-json\/wp\/v2\/media?parent=1233708"}],"wp:term":[{"taxonomy":"category","embeddable":true,"href":"https:\/\/www.acapulcopress.com\/index.php\/wp-json\/wp\/v2\/categories?post=1233708"},{"taxonomy":"post_tag","embeddable":true,"href":"https:\/\/www.acapulcopress.com\/index.php\/wp-json\/wp\/v2\/tags?post=1233708"}],"curies":[{"name":"wp","href":"https:\/\/api.w.org\/{rel}","templated":true}]}}