{"id":1233714,"date":"2021-10-26T00:31:47","date_gmt":"2021-10-26T05:31:47","guid":{"rendered":"https:\/\/www.acapulco.press\/?p=1233714"},"modified":"2021-10-26T00:31:47","modified_gmt":"2021-10-26T05:31:47","slug":"policia-ministerial-captura-a-yahir-acusado-de-probable-homicidio-calificado","status":"publish","type":"post","link":"https:\/\/www.acapulcopress.com\/index.php\/2021\/10\/26\/policia-ministerial-captura-a-yahir-acusado-de-probable-homicidio-calificado\/","title":{"rendered":"Polic\u00eda Ministerial captura a \u00abYahir\u00bb, acusado de probable homicidio calificado"},"content":{"rendered":"<p>] CHILPANCINGO. * 25 de octubre de 2021.<br \/>\n<em>) <a href=\"https:\/\/fiscaliaguerrero.gob.mx\" target=\"_blank\" rel=\"noopener\">https:\/\/fiscaliaguerrero.gob.mx<\/a>.<\/em><\/p>\n<p style=\"text-align: justify;\">Fiscal\u00eda de Guerrero a trav\u00e9s de la Polic\u00eda Investigadora Ministerial de Costa Grande, dio cumplimiento a la orden de aprehensi\u00f3n en contra de Eduardo Yahir \u00abN\u00bb, detenido como probable responsable del delito de homicidio calificado en agravio de Carlos \u00abN\u00bb, hechos relacionados con la carpeta judicial C-354\/2021 a disposici\u00f3n del Juez de Control y Enjuiciamiento penal del Distrito Judicial de Azueta.<\/p>\n","protected":false},"excerpt":{"rendered":"<p>] CHILPANCINGO. * 25 de octubre de 2021. ) https:\/\/fiscaliaguerrero.gob.mx. Fiscal\u00eda de Guerrero a trav\u00e9s de la Polic\u00eda Investigadora Ministerial de Costa Grande, dio cumplimiento a la orden de aprehensi\u00f3n en contra de Eduardo Yahir \u00abN\u00bb, detenido como probable responsable del delito de homicidio calificado en agravio de Carlos \u00abN\u00bb, hechos relacionados con la carpeta&#8230;<\/p>\n","protected":false},"author":2,"featured_media":1233715,"comment_status":"closed","ping_status":"closed","sticky":false,"template":"","format":"standard","meta":{"footnotes":""},"categories":[1969,2005],"tags":[8703,10946,14737],"class_list":["post-1233714","post","type-post","status-publish","format-standard","has-post-thumbnail","hentry","category-trending","category-seguridad-y-justicia","tag-fiscalia-general-del-estado-de-guerrero-fge","tag-jorge-zuriel-de-los-santos-barrila","tag-policia-ministerial-de-guerrero"],"_links":{"self":[{"href":"https:\/\/www.acapulcopress.com\/index.php\/wp-json\/wp\/v2\/posts\/1233714","targetHints":{"allow":["GET"]}}],"collection":[{"href":"https:\/\/www.acapulcopress.com\/index.php\/wp-json\/wp\/v2\/posts"}],"about":[{"href":"https:\/\/www.acapulcopress.com\/index.php\/wp-json\/wp\/v2\/types\/post"}],"author":[{"embeddable":true,"href":"https:\/\/www.acapulcopress.com\/index.php\/wp-json\/wp\/v2\/users\/2"}],"replies":[{"embeddable":true,"href":"https:\/\/www.acapulcopress.com\/index.php\/wp-json\/wp\/v2\/comments?post=1233714"}],"version-history":[{"count":0,"href":"https:\/\/www.acapulcopress.com\/index.php\/wp-json\/wp\/v2\/posts\/1233714\/revisions"}],"wp:featuredmedia":[{"embeddable":true,"href":"https:\/\/www.acapulcopress.com\/index.php\/wp-json\/"}],"wp:attachment":[{"href":"https:\/\/www.acapulcopress.com\/index.php\/wp-json\/wp\/v2\/media?parent=1233714"}],"wp:term":[{"taxonomy":"category","embeddable":true,"href":"https:\/\/www.acapulcopress.com\/index.php\/wp-json\/wp\/v2\/categories?post=1233714"},{"taxonomy":"post_tag","embeddable":true,"href":"https:\/\/www.acapulcopress.com\/index.php\/wp-json\/wp\/v2\/tags?post=1233714"}],"curies":[{"name":"wp","href":"https:\/\/api.w.org\/{rel}","templated":true}]}}