{"id":1233729,"date":"2021-10-26T01:32:58","date_gmt":"2021-10-26T06:32:58","guid":{"rendered":"https:\/\/www.acapulco.press\/?p=1233729"},"modified":"2021-10-26T01:32:58","modified_gmt":"2021-10-26T06:32:58","slug":"marcial-rodriguez-se-reune-de-nuevo-con-la-titular-de-la-sep","status":"publish","type":"post","link":"https:\/\/www.acapulcopress.com\/index.php\/2021\/10\/26\/marcial-rodriguez-se-reune-de-nuevo-con-la-titular-de-la-sep\/","title":{"rendered":"Marcial Rodr\u00edguez se re\u00fane de nuevo con la titular de la SEP"},"content":{"rendered":"<p>] CIUDAD DE M\u00c9XICO. * 25 de octubre de 2021.<br \/>\n<em>) Especial.<\/em><\/p>\n<p style=\"text-align: justify;\">El secretario de Educaci\u00f3n en Guerrero (SEG), \u00a0Marcial Rodr\u00edguez Salda\u00f1a, se reuni\u00f3 por segunda ocasi\u00f3n con la titular de la Secretaria de Educaci\u00f3n P\u00fablica (SEP), Delfina G\u00f3mez \u00c1lvarez, para continuar analizando y atendiendo los asuntos educativos del estado.<\/p>\n<p style=\"text-align: justify;\">Dicho encuentro, se dio en el contexto de la sesi\u00f3n del gabinete federal presidido por Manuel L\u00f3pez Obrador, presidente de la Rep\u00fablica, en donde atendieron a docentes de educaci\u00f3n ind\u00edgena a quienes les expresaron su disposici\u00f3n de resolver sus demandas y trabajar juntos por la educaci\u00f3n ind\u00edgena en Guerrero.<\/p>\n","protected":false},"excerpt":{"rendered":"<p>] CIUDAD DE M\u00c9XICO. * 25 de octubre de 2021. ) Especial. El secretario de Educaci\u00f3n en Guerrero (SEG), \u00a0Marcial Rodr\u00edguez Salda\u00f1a, se reuni\u00f3 por segunda ocasi\u00f3n con la titular de la Secretaria de Educaci\u00f3n P\u00fablica (SEP), Delfina G\u00f3mez \u00c1lvarez, para continuar analizando y atendiendo los asuntos educativos del estado. Dicho encuentro, se dio en&#8230;<\/p>\n","protected":false},"author":2,"featured_media":1233730,"comment_status":"closed","ping_status":"closed","sticky":false,"template":"","format":"standard","meta":{"footnotes":""},"categories":[1969,2081],"tags":[12457,16169,16362],"class_list":["post-1233729","post","type-post","status-publish","format-standard","has-post-thumbnail","hentry","category-trending","category-seg","tag-marcial-rodriguez-saldana","tag-secretaria-de-educacion-guerrero-seg","tag-seg"],"_links":{"self":[{"href":"https:\/\/www.acapulcopress.com\/index.php\/wp-json\/wp\/v2\/posts\/1233729","targetHints":{"allow":["GET"]}}],"collection":[{"href":"https:\/\/www.acapulcopress.com\/index.php\/wp-json\/wp\/v2\/posts"}],"about":[{"href":"https:\/\/www.acapulcopress.com\/index.php\/wp-json\/wp\/v2\/types\/post"}],"author":[{"embeddable":true,"href":"https:\/\/www.acapulcopress.com\/index.php\/wp-json\/wp\/v2\/users\/2"}],"replies":[{"embeddable":true,"href":"https:\/\/www.acapulcopress.com\/index.php\/wp-json\/wp\/v2\/comments?post=1233729"}],"version-history":[{"count":0,"href":"https:\/\/www.acapulcopress.com\/index.php\/wp-json\/wp\/v2\/posts\/1233729\/revisions"}],"wp:featuredmedia":[{"embeddable":true,"href":"https:\/\/www.acapulcopress.com\/index.php\/wp-json\/"}],"wp:attachment":[{"href":"https:\/\/www.acapulcopress.com\/index.php\/wp-json\/wp\/v2\/media?parent=1233729"}],"wp:term":[{"taxonomy":"category","embeddable":true,"href":"https:\/\/www.acapulcopress.com\/index.php\/wp-json\/wp\/v2\/categories?post=1233729"},{"taxonomy":"post_tag","embeddable":true,"href":"https:\/\/www.acapulcopress.com\/index.php\/wp-json\/wp\/v2\/tags?post=1233729"}],"curies":[{"name":"wp","href":"https:\/\/api.w.org\/{rel}","templated":true}]}}