{"id":1233736,"date":"2021-10-26T01:41:14","date_gmt":"2021-10-26T06:41:14","guid":{"rendered":"https:\/\/www.acapulco.press\/?p=1233736"},"modified":"2021-10-26T01:41:14","modified_gmt":"2021-10-26T06:41:14","slug":"convoca-marcial-rodriguez-al-magisterio-a-trabajar-unidos-por-la-educacion","status":"publish","type":"post","link":"https:\/\/www.acapulcopress.com\/index.php\/2021\/10\/26\/convoca-marcial-rodriguez-al-magisterio-a-trabajar-unidos-por-la-educacion\/","title":{"rendered":"Convoca Marcial Rodr\u00edguez al magisterio a trabajar unidos por la educaci\u00f3n"},"content":{"rendered":"<p>] CHILPANCINGO. * 25 de octubre de 2021.<br \/>\n<em>) Especial.<\/em><\/p>\n<p style=\"text-align: justify;\">Marcial Rodr\u00edguez Salda\u00f1a, secretario de Educaci\u00f3n en Guerrero (SEG), hizo un amplio reconocimiento a todos los trabajadores de la educaci\u00f3n en favor de los ni\u00f1os, adolescentes y j\u00f3vene del Estado y los invito a continuar sus labores por la transformaci\u00f3n educativa que encabeza la gobernadora Mtra. Evelyn Salgado Pineda.<\/p>\n<p style=\"text-align: justify;\">El titular de la SEG, expres\u00f3 lo anterior en el evento de reinauguracion de las instalaciones de la secci\u00f3n XIV del SNTE por parte del secretario general del CEN, Alfonso Cepeda Salas, y el secretario General de este sindicato el Guerrero, Javier San Mart\u00edn Jaramillo.<\/p>\n","protected":false},"excerpt":{"rendered":"<p>] CHILPANCINGO. * 25 de octubre de 2021. ) Especial. Marcial Rodr\u00edguez Salda\u00f1a, secretario de Educaci\u00f3n en Guerrero (SEG), hizo un amplio reconocimiento a todos los trabajadores de la educaci\u00f3n en favor de los ni\u00f1os, adolescentes y j\u00f3vene del Estado y los invito a continuar sus labores por la transformaci\u00f3n educativa que encabeza la gobernadora&#8230;<\/p>\n","protected":false},"author":2,"featured_media":1233731,"comment_status":"closed","ping_status":"closed","sticky":false,"template":"","format":"standard","meta":{"footnotes":""},"categories":[1969,2081],"tags":[12457,16169,16362],"class_list":["post-1233736","post","type-post","status-publish","format-standard","has-post-thumbnail","hentry","category-trending","category-seg","tag-marcial-rodriguez-saldana","tag-secretaria-de-educacion-guerrero-seg","tag-seg"],"_links":{"self":[{"href":"https:\/\/www.acapulcopress.com\/index.php\/wp-json\/wp\/v2\/posts\/1233736","targetHints":{"allow":["GET"]}}],"collection":[{"href":"https:\/\/www.acapulcopress.com\/index.php\/wp-json\/wp\/v2\/posts"}],"about":[{"href":"https:\/\/www.acapulcopress.com\/index.php\/wp-json\/wp\/v2\/types\/post"}],"author":[{"embeddable":true,"href":"https:\/\/www.acapulcopress.com\/index.php\/wp-json\/wp\/v2\/users\/2"}],"replies":[{"embeddable":true,"href":"https:\/\/www.acapulcopress.com\/index.php\/wp-json\/wp\/v2\/comments?post=1233736"}],"version-history":[{"count":0,"href":"https:\/\/www.acapulcopress.com\/index.php\/wp-json\/wp\/v2\/posts\/1233736\/revisions"}],"wp:featuredmedia":[{"embeddable":true,"href":"https:\/\/www.acapulcopress.com\/index.php\/wp-json\/"}],"wp:attachment":[{"href":"https:\/\/www.acapulcopress.com\/index.php\/wp-json\/wp\/v2\/media?parent=1233736"}],"wp:term":[{"taxonomy":"category","embeddable":true,"href":"https:\/\/www.acapulcopress.com\/index.php\/wp-json\/wp\/v2\/categories?post=1233736"},{"taxonomy":"post_tag","embeddable":true,"href":"https:\/\/www.acapulcopress.com\/index.php\/wp-json\/wp\/v2\/tags?post=1233736"}],"curies":[{"name":"wp","href":"https:\/\/api.w.org\/{rel}","templated":true}]}}