{"id":1233744,"date":"2021-10-26T01:57:37","date_gmt":"2021-10-26T06:57:37","guid":{"rendered":"https:\/\/www.acapulco.press\/?p=1233744"},"modified":"2021-10-26T01:57:37","modified_gmt":"2021-10-26T06:57:37","slug":"christian-palacios-un-guerrero-en-sinaloa","status":"publish","type":"post","link":"https:\/\/www.acapulcopress.com\/index.php\/2021\/10\/26\/christian-palacios-un-guerrero-en-sinaloa\/","title":{"rendered":"Christian Palacios | Un guerrero en Sinaloa"},"content":{"rendered":"<p style=\"text-align: justify;\">\u00c1mbito Pol\u00edtico<br \/>\n\u00bb <strong>Fulgencio Ram\u00edrez Lozano<\/strong><br \/>\nFacebook | <a href=\"https:\/\/www.facebook.com\/framirezlozano\" target=\"_blank\" rel=\"noopener\"><em>framirezlozano<\/em><\/a><\/p>\n<p style=\"text-align: justify;\"><img loading=\"lazy\" decoding=\"async\" class=\"alignleft size-medium wp-image-1233746\" src=\"https:\/\/www.acapulco.press\/wp-content\/uploads\/2021\/10\/FUL-RAMIREZ-375x375.jpg\" alt=\"\" width=\"375\" height=\"375\" \/>Christian Palacios Atondo es un joven pol\u00edtico guerrerense que empez\u00f3 desde muy chamaco a buscar un espacio de elecci\u00f3n popular en Acapulco, primero con el PRD y despu\u00e9s con Movimiento Ciudadano. En esos anteriores procesos electorales, en busca de lograr la diputaci\u00f3n local por el Distrito 03, busc\u00f3 el voto popular en colonias, barrios, cerros y barrancas, pero la suerte no le favoreci\u00f3&#8230;<\/p>\n<p style=\"text-align: justify;\">Posteriormente su padre, don Miguel Palacios Vargas me coment\u00f3 que lo invitaron a ser parte del gobierno estatal de Sinaloa, en la Secretar\u00eda de Desarrollo Social.<\/p>\n<p style=\"text-align: justify;\">Con el paso del tiempo se consolid\u00f3 y hasta lo eligieron coordinaci\u00f3n estatal de Movimiento Ciudadano.<\/p>\n<p style=\"text-align: justify;\">Actualmente, Christian Palacios es noticia nacional porque siendo coordinador estatal de MC, renunci\u00f3 al cargo debido a que la dirigencia nacional le di\u00f3 la espalda y apoya el pri\u00edsta disfrazado Sergio Torres F\u00e9lix, para que \u00e9ste sea el pr\u00f3ximo dirigente estatal, aunque es repudiado por las bases del partido naranja.<\/p>\n<p style=\"text-align: justify;\">Sin embargo, la mafia que se ha formado entre la dirigencia nacional y Torres F\u00e9lix ya cobr\u00f3 factura, ya que la militancia renunci\u00f3 en desbandada por lo que consideran una imposici\u00f3n dictatorial del CEN; ahora los inconformes se organizan en una asociaci\u00f3n civil que tiene por nombre \u00abAtr\u00e9vete Ciudadano\u00bb.<\/p>\n<p style=\"text-align: justify;\">O sea, mucho alboroto ha levantado nuestro paisano Christian Palacios all\u00e1, en tierras sinaloense, u seguramente, no dejar\u00e1 que le coman el mandado as\u00ed como as\u00ed&#8230;<\/p>\n<p style=\"text-align: justify;\">\u00a1Si los mexicanos nacen d\u00f3nde se les da su rechingada gana,\u00a0 los guerrerenses hacen su desmadre donde sea!<\/p>\n","protected":false},"excerpt":{"rendered":"<p>\u00c1mbito Pol\u00edtico \u00bb Fulgencio Ram\u00edrez Lozano Facebook | framirezlozano Christian Palacios Atondo es un joven pol\u00edtico guerrerense que empez\u00f3 desde muy chamaco a buscar un espacio de elecci\u00f3n popular en Acapulco, primero con el PRD y despu\u00e9s con Movimiento Ciudadano. En esos anteriores procesos electorales, en busca de lograr la diputaci\u00f3n local por el Distrito&#8230;<\/p>\n","protected":false},"author":2,"featured_media":1233745,"comment_status":"closed","ping_status":"closed","sticky":false,"template":"","format":"standard","meta":{"footnotes":""},"categories":[2071,1991],"tags":[4386,5736,8998],"class_list":["post-1233744","post","type-post","status-publish","format-standard","has-post-thumbnail","hentry","category-opinion-analisis-columnas","category-libertad-de-expresion","tag-atrevete-ciudadano","tag-christian-palacios-atondo","tag-fulgencio-ramirez-lozano"],"_links":{"self":[{"href":"https:\/\/www.acapulcopress.com\/index.php\/wp-json\/wp\/v2\/posts\/1233744","targetHints":{"allow":["GET"]}}],"collection":[{"href":"https:\/\/www.acapulcopress.com\/index.php\/wp-json\/wp\/v2\/posts"}],"about":[{"href":"https:\/\/www.acapulcopress.com\/index.php\/wp-json\/wp\/v2\/types\/post"}],"author":[{"embeddable":true,"href":"https:\/\/www.acapulcopress.com\/index.php\/wp-json\/wp\/v2\/users\/2"}],"replies":[{"embeddable":true,"href":"https:\/\/www.acapulcopress.com\/index.php\/wp-json\/wp\/v2\/comments?post=1233744"}],"version-history":[{"count":0,"href":"https:\/\/www.acapulcopress.com\/index.php\/wp-json\/wp\/v2\/posts\/1233744\/revisions"}],"wp:featuredmedia":[{"embeddable":true,"href":"https:\/\/www.acapulcopress.com\/index.php\/wp-json\/"}],"wp:attachment":[{"href":"https:\/\/www.acapulcopress.com\/index.php\/wp-json\/wp\/v2\/media?parent=1233744"}],"wp:term":[{"taxonomy":"category","embeddable":true,"href":"https:\/\/www.acapulcopress.com\/index.php\/wp-json\/wp\/v2\/categories?post=1233744"},{"taxonomy":"post_tag","embeddable":true,"href":"https:\/\/www.acapulcopress.com\/index.php\/wp-json\/wp\/v2\/tags?post=1233744"}],"curies":[{"name":"wp","href":"https:\/\/api.w.org\/{rel}","templated":true}]}}