{"id":1233758,"date":"2021-10-26T02:15:09","date_gmt":"2021-10-26T07:15:09","guid":{"rendered":"https:\/\/www.acapulco.press\/?p=1233758"},"modified":"2021-10-26T02:15:09","modified_gmt":"2021-10-26T07:15:09","slug":"uagro-y-uta-impulsaran-programas-conjuntos-de-tecnologia","status":"publish","type":"post","link":"https:\/\/www.acapulcopress.com\/index.php\/2021\/10\/26\/uagro-y-uta-impulsaran-programas-conjuntos-de-tecnologia\/","title":{"rendered":"UAGro y UTA impulsar\u00e1n programas conjuntos de tecnolog\u00eda"},"content":{"rendered":"<p style=\"text-align: justify;\">CHILPANCINGO. * 25 de octubre de 2021.<br \/>\n<em>) UAGro.<\/em><\/p>\n<p style=\"text-align: justify;\">El rector de la Universidad Aut\u00f3noma de Guerrero, Jos\u00e9 Alfredo Romero Olea firm\u00f3 un convenio de colaboraci\u00f3n con el rector de la Universidad Tecnol\u00f3gica de Acapulco (UTA), Sa\u00fal Apreza Patr\u00f3n, con el objetivo que ambas instituciones compartan, mejoren y desarrollen planes y programas de estudio en diferentes \u00e1reas tecnol\u00f3gicas a trav\u00e9s de la Escuela Superior de Ciencias y Tecnolog\u00edas de la Informaci\u00f3n de la UAGro.<\/p>\n<p style=\"text-align: justify;\">Reunidos en las instalaciones de Rector\u00eda, Romero Olea celebr\u00f3 la vinculaci\u00f3n institucional entre la UAGro y la UTA y ratific\u00f3 que la m\u00e1xima casa de estudios \u201cest\u00e1 en la mejor disposici\u00f3n de ayudar y cooperar con las universidades hermanas, para ofrecer mejores condiciones de estudios a los j\u00f3venes guerrerenses\u201d.<\/p>\n<p style=\"text-align: justify;\">Por su parte, el rector de la Universidad Tecnol\u00f3gica de Acapulco (UTA), Sa\u00fal Apreza Patr\u00f3n dijo que este convenio de vinculaci\u00f3n, permitir\u00e1 a nuestros estudiantes \u201cpodr\u00e1n interactuar con la m\u00e1xima casa de estudios, con quienes siempre hemos tenido una extraordinaria relaci\u00f3n y reconocemos sus grandes avances acad\u00e9micos que han concretado en los \u00faltimos a\u00f1os\u201d.<\/p>\n<p style=\"text-align: justify;\">En el acto estuvieron acompa\u00f1aron a los rectores, el secretario general de la UAGro, Armando Guzm\u00e1n Zavala; la directora de Vinculaci\u00f3n de la UTA, Yadira Ram\u00edrez Hern\u00e1ndez y la directora de la de la Escuela Superior de Ciencias y Tecnolog\u00edas de la Informaci\u00f3n, Juana In\u00e9s Zambrano D\u00e1vila.<\/p>\n","protected":false},"excerpt":{"rendered":"<p>CHILPANCINGO. * 25 de octubre de 2021. ) UAGro. El rector de la Universidad Aut\u00f3noma de Guerrero, Jos\u00e9 Alfredo Romero Olea firm\u00f3 un convenio de colaboraci\u00f3n con el rector de la Universidad Tecnol\u00f3gica de Acapulco (UTA), Sa\u00fal Apreza Patr\u00f3n, con el objetivo que ambas instituciones compartan, mejoren y desarrollen planes y programas de estudio en&#8230;<\/p>\n","protected":false},"author":2,"featured_media":1233722,"comment_status":"closed","ping_status":"closed","sticky":false,"template":"","format":"standard","meta":{"footnotes":""},"categories":[18561,2016],"tags":[2896,10980,16084,17610,17657],"class_list":["post-1233758","post","type-post","status-publish","format-standard","has-post-thumbnail","hentry","category-society-politics","category-uagro-society-politics","tag-uagro-2","tag-jose-alfredo-romero-olea","tag-saul-apreza-patron","tag-universidad-autonoma-de-guerrero-uagro","tag-universidad-tecnologica-de-acapulco-uta"],"_links":{"self":[{"href":"https:\/\/www.acapulcopress.com\/index.php\/wp-json\/wp\/v2\/posts\/1233758","targetHints":{"allow":["GET"]}}],"collection":[{"href":"https:\/\/www.acapulcopress.com\/index.php\/wp-json\/wp\/v2\/posts"}],"about":[{"href":"https:\/\/www.acapulcopress.com\/index.php\/wp-json\/wp\/v2\/types\/post"}],"author":[{"embeddable":true,"href":"https:\/\/www.acapulcopress.com\/index.php\/wp-json\/wp\/v2\/users\/2"}],"replies":[{"embeddable":true,"href":"https:\/\/www.acapulcopress.com\/index.php\/wp-json\/wp\/v2\/comments?post=1233758"}],"version-history":[{"count":0,"href":"https:\/\/www.acapulcopress.com\/index.php\/wp-json\/wp\/v2\/posts\/1233758\/revisions"}],"wp:featuredmedia":[{"embeddable":true,"href":"https:\/\/www.acapulcopress.com\/index.php\/wp-json\/"}],"wp:attachment":[{"href":"https:\/\/www.acapulcopress.com\/index.php\/wp-json\/wp\/v2\/media?parent=1233758"}],"wp:term":[{"taxonomy":"category","embeddable":true,"href":"https:\/\/www.acapulcopress.com\/index.php\/wp-json\/wp\/v2\/categories?post=1233758"},{"taxonomy":"post_tag","embeddable":true,"href":"https:\/\/www.acapulcopress.com\/index.php\/wp-json\/wp\/v2\/tags?post=1233758"}],"curies":[{"name":"wp","href":"https:\/\/api.w.org\/{rel}","templated":true}]}}