{"id":1233764,"date":"2021-10-24T02:19:54","date_gmt":"2021-10-24T07:19:54","guid":{"rendered":"https:\/\/www.acapulco.press\/?p=1233764"},"modified":"2021-10-24T02:19:54","modified_gmt":"2021-10-24T07:19:54","slug":"por-huracan-ricky-uagro-suspendera-clases-el-lunes-25-de-octubre","status":"publish","type":"post","link":"https:\/\/www.acapulcopress.com\/index.php\/2021\/10\/24\/por-huracan-ricky-uagro-suspendera-clases-el-lunes-25-de-octubre\/","title":{"rendered":"Por hurac\u00e1n &#8216;Ricky&#8217; UAGro suspender\u00e1 clases el lunes 25 de octubre"},"content":{"rendered":"<p style=\"text-align: justify;\">] CHILPANCINGO. * 24 de octubre de 2021.<br \/>\n) Especial.<\/p>\n<p style=\"text-align: justify;\">Con relaci\u00f3n a la suspensi\u00f3n de clases presenciales por las lluvias ocasionadas ante el paso del hurac\u00e1n Rick, la Universidad Aut\u00f3noma de Guerrero (UAGro) informa que el lunes 25 de octubre se suspender\u00e1n las clases presenciales en todos las escuelas preparatorias y facultades de la UAGro.<\/p>\n<p><img loading=\"lazy\" decoding=\"async\" class=\"alignnone wp-image-1233771 \" src=\"https:\/\/www.acapulco.press\/wp-content\/uploads\/2021\/10\/uagro-lunes-25.jpg\" alt=\"\" width=\"787\" height=\"950\" \/><\/p>\n","protected":false},"excerpt":{"rendered":"<p>] CHILPANCINGO. * 24 de octubre de 2021. ) Especial. Con relaci\u00f3n a la suspensi\u00f3n de clases presenciales por las lluvias ocasionadas ante el paso del hurac\u00e1n Rick, la Universidad Aut\u00f3noma de Guerrero (UAGro) informa que el lunes 25 de octubre se suspender\u00e1n las clases presenciales en todos las escuelas preparatorias y facultades de la&#8230;<\/p>\n","protected":false},"author":2,"featured_media":1233770,"comment_status":"closed","ping_status":"closed","sticky":false,"template":"","format":"standard","meta":{"footnotes":""},"categories":[18561,2016],"tags":[2896,10980,17610],"class_list":["post-1233764","post","type-post","status-publish","format-standard","has-post-thumbnail","hentry","category-society-politics","category-uagro-society-politics","tag-uagro-2","tag-jose-alfredo-romero-olea","tag-universidad-autonoma-de-guerrero-uagro"],"_links":{"self":[{"href":"https:\/\/www.acapulcopress.com\/index.php\/wp-json\/wp\/v2\/posts\/1233764","targetHints":{"allow":["GET"]}}],"collection":[{"href":"https:\/\/www.acapulcopress.com\/index.php\/wp-json\/wp\/v2\/posts"}],"about":[{"href":"https:\/\/www.acapulcopress.com\/index.php\/wp-json\/wp\/v2\/types\/post"}],"author":[{"embeddable":true,"href":"https:\/\/www.acapulcopress.com\/index.php\/wp-json\/wp\/v2\/users\/2"}],"replies":[{"embeddable":true,"href":"https:\/\/www.acapulcopress.com\/index.php\/wp-json\/wp\/v2\/comments?post=1233764"}],"version-history":[{"count":0,"href":"https:\/\/www.acapulcopress.com\/index.php\/wp-json\/wp\/v2\/posts\/1233764\/revisions"}],"wp:featuredmedia":[{"embeddable":true,"href":"https:\/\/www.acapulcopress.com\/index.php\/wp-json\/"}],"wp:attachment":[{"href":"https:\/\/www.acapulcopress.com\/index.php\/wp-json\/wp\/v2\/media?parent=1233764"}],"wp:term":[{"taxonomy":"category","embeddable":true,"href":"https:\/\/www.acapulcopress.com\/index.php\/wp-json\/wp\/v2\/categories?post=1233764"},{"taxonomy":"post_tag","embeddable":true,"href":"https:\/\/www.acapulcopress.com\/index.php\/wp-json\/wp\/v2\/tags?post=1233764"}],"curies":[{"name":"wp","href":"https:\/\/api.w.org\/{rel}","templated":true}]}}