{"id":1233777,"date":"2021-10-26T02:31:12","date_gmt":"2021-10-26T07:31:12","guid":{"rendered":"https:\/\/www.acapulco.press\/?p=1233777"},"modified":"2021-10-26T02:31:12","modified_gmt":"2021-10-26T07:31:12","slug":"gilberto-solano-supervisa-personalmente-reportes-de-proteccion-civil","status":"publish","type":"post","link":"https:\/\/www.acapulcopress.com\/index.php\/2021\/10\/26\/gilberto-solano-supervisa-personalmente-reportes-de-proteccion-civil\/","title":{"rendered":"Gilberto Solano supervisa personalmente reportes de Protecci\u00f3n Civil"},"content":{"rendered":"<p>] CHILPANCINGO. * 25 de octubre de 2021.<br \/>\n) Especial.<\/p>\n<p style=\"text-align: justify;\">El Gobierno Municipal de Tlapa de Comonfort informa que, ante los diferentes reportes sobre el registro abierto ubicado en la calle Guerrero esquina con Heroico Colegio Mlitar, pertenece a la compa\u00f1\u00eda Tel\u00e9fonos de M\u00e9xico (Telmex), a trav\u00e9s de la Direcci\u00f3n de Protecci\u00f3n Civil del municipio se han hecho los reportes correspondientes ante esta empresa para que a la brevedad pueda realizar la reparaci\u00f3n.<\/p>\n<p style=\"text-align: justify;\">Por nuestra parte hemos cumplido con la colocaci\u00f3n de se\u00f1alamientos de seguridad para evitar alg\u00fan accidente en esta zona, mismos que han sido retirados por la ciudadan\u00eda de manera irresponsable, por lo que hacemos un llamado a sumarse a estos esfuerzos de cuidar la integridad de la ciudadan\u00eda que circula en esta vialidad.<\/p>\n\n<p><strong>\u00a1Tlapa, Gente con Grandeza!<\/strong><\/p>\n","protected":false},"excerpt":{"rendered":"<p>] CHILPANCINGO. * 25 de octubre de 2021. ) Especial. El Gobierno Municipal de Tlapa de Comonfort informa que, ante los diferentes reportes sobre el registro abierto ubicado en la calle Guerrero esquina con Heroico Colegio Mlitar, pertenece a la compa\u00f1\u00eda Tel\u00e9fonos de M\u00e9xico (Telmex), a trav\u00e9s de la Direcci\u00f3n de Protecci\u00f3n Civil del municipio&#8230;<\/p>\n","protected":false},"author":2,"featured_media":1233765,"comment_status":"closed","ping_status":"closed","sticky":false,"template":"","format":"standard","meta":{"footnotes":""},"categories":[18589,18561],"tags":[4495,9199,9321],"class_list":["post-1233777","post","type-post","status-publish","format-standard","has-post-thumbnail","hentry","category-gobierno-de-tlapa","category-society-politics","tag-ayuntamiento-de-tlapa","tag-gilberto-solano-arreaga","tag-gobierno-de-tlapa"],"_links":{"self":[{"href":"https:\/\/www.acapulcopress.com\/index.php\/wp-json\/wp\/v2\/posts\/1233777","targetHints":{"allow":["GET"]}}],"collection":[{"href":"https:\/\/www.acapulcopress.com\/index.php\/wp-json\/wp\/v2\/posts"}],"about":[{"href":"https:\/\/www.acapulcopress.com\/index.php\/wp-json\/wp\/v2\/types\/post"}],"author":[{"embeddable":true,"href":"https:\/\/www.acapulcopress.com\/index.php\/wp-json\/wp\/v2\/users\/2"}],"replies":[{"embeddable":true,"href":"https:\/\/www.acapulcopress.com\/index.php\/wp-json\/wp\/v2\/comments?post=1233777"}],"version-history":[{"count":0,"href":"https:\/\/www.acapulcopress.com\/index.php\/wp-json\/wp\/v2\/posts\/1233777\/revisions"}],"wp:featuredmedia":[{"embeddable":true,"href":"https:\/\/www.acapulcopress.com\/index.php\/wp-json\/"}],"wp:attachment":[{"href":"https:\/\/www.acapulcopress.com\/index.php\/wp-json\/wp\/v2\/media?parent=1233777"}],"wp:term":[{"taxonomy":"category","embeddable":true,"href":"https:\/\/www.acapulcopress.com\/index.php\/wp-json\/wp\/v2\/categories?post=1233777"},{"taxonomy":"post_tag","embeddable":true,"href":"https:\/\/www.acapulcopress.com\/index.php\/wp-json\/wp\/v2\/tags?post=1233777"}],"curies":[{"name":"wp","href":"https:\/\/api.w.org\/{rel}","templated":true}]}}