{"id":1233785,"date":"2021-10-26T18:44:29","date_gmt":"2021-10-26T23:44:29","guid":{"rendered":"https:\/\/www.acapulco.press\/?p=1233785"},"modified":"2021-10-26T18:44:29","modified_gmt":"2021-10-26T23:44:29","slug":"trata-de-persones-con-fines-sexuales-se-castiga-de-5-a-15-anos-de-prision-fge","status":"publish","type":"post","link":"https:\/\/www.acapulcopress.com\/index.php\/2021\/10\/26\/trata-de-persones-con-fines-sexuales-se-castiga-de-5-a-15-anos-de-prision-fge\/","title":{"rendered":"Trata de persones con fines sexuales se castiga de 5 a 15 a\u00f1os de prisi\u00f3n | FGE"},"content":{"rendered":"<p>] <a href=\"https:\/\/fiscaliaguerrero.gob.mx\" target=\"_blank\" rel=\"noopener\"><em>https:\/\/fiscaliaguerrero.gob.mx<\/em><\/a><br \/>\n\ud83d\udfe3 La trata de personas con fines de explotaci\u00f3n sexual, se castiga de 5 a 15 a\u00f1os de prisi\u00f3n. \u00a1DENUNCIA!<\/p>\n<p>\ud83d\udcf2Descarga la app de la Fiscal\u00eda de #Guerrero<br \/>\n* Android: <a href=\"https:\/\/bit.ly\/2JZT8zC\" target=\"_blank\" rel=\"noopener\">https:\/\/bit.ly\/2JZT8zC<\/a><br \/>\n* iOS: <a href=\"https:\/\/apple.co\/32ICaOK\" target=\"_blank\" rel=\"noopener\">https:\/\/apple.co\/32ICaOK<\/a><br \/>\n#TuFiscal\u00eda implementa tecnolog\u00eda para dar el mejor servicio a todas y todos los guerrerenses. \u2705<\/p>\n","protected":false},"excerpt":{"rendered":"<p>] https:\/\/fiscaliaguerrero.gob.mx \ud83d\udfe3 La trata de personas con fines de explotaci\u00f3n sexual, se castiga de 5 a 15 a\u00f1os de prisi\u00f3n. \u00a1DENUNCIA! \ud83d\udcf2Descarga la app de la Fiscal\u00eda de #Guerrero * Android: https:\/\/bit.ly\/2JZT8zC * iOS: https:\/\/apple.co\/32ICaOK #TuFiscal\u00eda implementa tecnolog\u00eda para dar el mejor servicio a todas y todos los guerrerenses. \u2705<\/p>\n","protected":false},"author":2,"featured_media":1233788,"comment_status":"closed","ping_status":"closed","sticky":false,"template":"","format":"standard","meta":{"footnotes":""},"categories":[1969,2005],"tags":[8703,10946,14737],"class_list":["post-1233785","post","type-post","status-publish","format-standard","has-post-thumbnail","hentry","category-trending","category-seguridad-y-justicia","tag-fiscalia-general-del-estado-de-guerrero-fge","tag-jorge-zuriel-de-los-santos-barrila","tag-policia-ministerial-de-guerrero"],"_links":{"self":[{"href":"https:\/\/www.acapulcopress.com\/index.php\/wp-json\/wp\/v2\/posts\/1233785","targetHints":{"allow":["GET"]}}],"collection":[{"href":"https:\/\/www.acapulcopress.com\/index.php\/wp-json\/wp\/v2\/posts"}],"about":[{"href":"https:\/\/www.acapulcopress.com\/index.php\/wp-json\/wp\/v2\/types\/post"}],"author":[{"embeddable":true,"href":"https:\/\/www.acapulcopress.com\/index.php\/wp-json\/wp\/v2\/users\/2"}],"replies":[{"embeddable":true,"href":"https:\/\/www.acapulcopress.com\/index.php\/wp-json\/wp\/v2\/comments?post=1233785"}],"version-history":[{"count":0,"href":"https:\/\/www.acapulcopress.com\/index.php\/wp-json\/wp\/v2\/posts\/1233785\/revisions"}],"wp:featuredmedia":[{"embeddable":true,"href":"https:\/\/www.acapulcopress.com\/index.php\/wp-json\/"}],"wp:attachment":[{"href":"https:\/\/www.acapulcopress.com\/index.php\/wp-json\/wp\/v2\/media?parent=1233785"}],"wp:term":[{"taxonomy":"category","embeddable":true,"href":"https:\/\/www.acapulcopress.com\/index.php\/wp-json\/wp\/v2\/categories?post=1233785"},{"taxonomy":"post_tag","embeddable":true,"href":"https:\/\/www.acapulcopress.com\/index.php\/wp-json\/wp\/v2\/tags?post=1233785"}],"curies":[{"name":"wp","href":"https:\/\/api.w.org\/{rel}","templated":true}]}}