{"id":1233795,"date":"2021-10-26T18:57:39","date_gmt":"2021-10-26T23:57:39","guid":{"rendered":"https:\/\/www.acapulco.press\/?p=1233795"},"modified":"2021-10-26T18:57:39","modified_gmt":"2021-10-26T23:57:39","slug":"presos-violador-de-menor-de-cochoapa-el-grande-y-un-homicida-de-tlapa","status":"publish","type":"post","link":"https:\/\/www.acapulcopress.com\/index.php\/2021\/10\/26\/presos-violador-de-menor-de-cochoapa-el-grande-y-un-homicida-de-tlapa\/","title":{"rendered":"Presos, violador de menor de Cochoapa El Grande y un homicida de Tlapa"},"content":{"rendered":"<p style=\"text-align: justify;\">] CHILPANCINGO. * 26 de octubre de 2021.<br \/>\n<em>) <a href=\"https:\/\/fiscaliaguerrero.gob.mx\" target=\"_blank\" rel=\"noopener\">https:\/\/fiscaliaguerrero.gob.mx<\/a>.<\/em><\/p>\n<p style=\"text-align: justify;\"><img loading=\"lazy\" decoding=\"async\" class=\"alignleft size-medium wp-image-1233787\" src=\"https:\/\/www.acapulco.press\/wp-content\/uploads\/2021\/10\/fge-rutilo-375x363.jpg\" alt=\"\" width=\"375\" height=\"363\" \/>Vinculaci\u00f3n a proceso obtuvo el Ministerio P\u00fablico en contra de Rutilio \u00abN\u00bb como probable responsable del delito de violaci\u00f3n equiparada en el municipio de Cochoapa el Grande.<\/p>\n<p style=\"text-align: justify;\">El imputado fue detenido en la ciudad de Tlapa de Comonfort, por hechos ocurridos en la comunidad Joya Real, en agravio de la menor que viv\u00eda en su casa y a quien hab\u00edan casado de forma forzada con su hijo. De acuerdo al relato de la v\u00edctima, Rutilio \u00abN\u00bb mediante amenazas y agresiones le dec\u00eda que ten\u00eda que dejarse abusar sexualmente por haberla comprado a\u00f1os antes, carpeta judicial C-310\/2021.<\/p>\n<p style=\"text-align: justify;\">En audiencia inicial, el Ministerio P\u00fablico aport\u00f3 los datos de prueba ante el Juez de Control y dict\u00f3 vinculaci\u00f3n a proceso en su contra.<\/p>\n<p style=\"text-align: justify;\">La Fiscal\u00eda General del Estado continuar\u00e1 investigando los delitos del fuero com\u00fan y con especial seguimiento los cometidos en temas de igualdad de g\u00e9nero y menores de edad en el estado de Guerrero.<\/p>\n<p style=\"text-align: justify;\">As\u00ed mismo, la Polic\u00eda Investigadora Ministerial de la Monta\u00f1a, cumpliment\u00f3 la orden de aprehensi\u00f3n en contra de quien dijo llamarse Arcadio \u00abN\u00bb, como probable responsable del delito de homicidio calificado en agravio de Eusebio \u00abN\u00bb y relacionado con hechos en la carpeta judicial C-323\/2021, quedando a disposici\u00f3n del Juez de Control y Enjuiciamiento penal con sede en Tlapa de Comonfort.<\/p>\n<p style=\"text-align: justify;\">\n","protected":false},"excerpt":{"rendered":"<p>] CHILPANCINGO. * 26 de octubre de 2021. ) https:\/\/fiscaliaguerrero.gob.mx. Vinculaci\u00f3n a proceso obtuvo el Ministerio P\u00fablico en contra de Rutilio \u00abN\u00bb como probable responsable del delito de violaci\u00f3n equiparada en el municipio de Cochoapa el Grande. El imputado fue detenido en la ciudad de Tlapa de Comonfort, por hechos ocurridos en la comunidad Joya&#8230;<\/p>\n","protected":false},"author":2,"featured_media":1233786,"comment_status":"closed","ping_status":"closed","sticky":false,"template":"","format":"standard","meta":{"footnotes":""},"categories":[1969,2005],"tags":[8703,14048,14737],"class_list":["post-1233795","post","type-post","status-publish","format-standard","has-post-thumbnail","hentry","category-trending","category-seguridad-y-justicia","tag-fiscalia-general-del-estado-de-guerrero-fge","tag-orge-zuriel-de-los-santos-barrila","tag-policia-ministerial-de-guerrero"],"_links":{"self":[{"href":"https:\/\/www.acapulcopress.com\/index.php\/wp-json\/wp\/v2\/posts\/1233795","targetHints":{"allow":["GET"]}}],"collection":[{"href":"https:\/\/www.acapulcopress.com\/index.php\/wp-json\/wp\/v2\/posts"}],"about":[{"href":"https:\/\/www.acapulcopress.com\/index.php\/wp-json\/wp\/v2\/types\/post"}],"author":[{"embeddable":true,"href":"https:\/\/www.acapulcopress.com\/index.php\/wp-json\/wp\/v2\/users\/2"}],"replies":[{"embeddable":true,"href":"https:\/\/www.acapulcopress.com\/index.php\/wp-json\/wp\/v2\/comments?post=1233795"}],"version-history":[{"count":0,"href":"https:\/\/www.acapulcopress.com\/index.php\/wp-json\/wp\/v2\/posts\/1233795\/revisions"}],"wp:featuredmedia":[{"embeddable":true,"href":"https:\/\/www.acapulcopress.com\/index.php\/wp-json\/"}],"wp:attachment":[{"href":"https:\/\/www.acapulcopress.com\/index.php\/wp-json\/wp\/v2\/media?parent=1233795"}],"wp:term":[{"taxonomy":"category","embeddable":true,"href":"https:\/\/www.acapulcopress.com\/index.php\/wp-json\/wp\/v2\/categories?post=1233795"},{"taxonomy":"post_tag","embeddable":true,"href":"https:\/\/www.acapulcopress.com\/index.php\/wp-json\/wp\/v2\/tags?post=1233795"}],"curies":[{"name":"wp","href":"https:\/\/api.w.org\/{rel}","templated":true}]}}