{"id":1233807,"date":"2021-10-26T21:35:50","date_gmt":"2021-10-27T02:35:50","guid":{"rendered":"https:\/\/www.acapulco.press\/?p=1233807"},"modified":"2021-10-26T21:35:50","modified_gmt":"2021-10-27T02:35:50","slug":"exhorta-gobernadora-a-no-vacunados-a-acudir-por-su-segunda-dosis","status":"publish","type":"post","link":"https:\/\/www.acapulcopress.com\/index.php\/2021\/10\/26\/exhorta-gobernadora-a-no-vacunados-a-acudir-por-su-segunda-dosis\/","title":{"rendered":"Exhorta Gobernadora a no vacunados a acudir por su segunda dosis"},"content":{"rendered":"<p style=\"text-align: justify;\">] CHILPANCINGO. * 26 de octubre de 2021.<br \/>\n<em>) Gobierno de Guerrero.<\/em><\/p>\n<p style=\"text-align: justify;\">Con el fin de reducir los riesgos de contagio por Covid-19, la gobernadora del estado, Evelyn Salgado Pineda, invit\u00f3 a los guerrerenses que no han recibido la segunda dosis de la vacuna, a que acudan a los m\u00f3dulos de atenci\u00f3n para completar su esquema de inmunizaci\u00f3n y as\u00ed contar con una mejor protecci\u00f3n durante la pandemia.<\/p>\n<p style=\"text-align: justify;\">Al encabezar la transmisi\u00f3n sobre la evoluci\u00f3n del Covid-19 en la entidad, la titular del Poder Ejecutivo reiter\u00f3 su llamado a no bajar la guardia para mantener al estado en color verde del sem\u00e1foro de riesgo epidemiol\u00f3gico, recalcando que para ello se requiere la participaci\u00f3n de todas y todos; asimismo destac\u00f3 la importancia de evitar las aglomeraciones en pr\u00f3ximas festividades como el D\u00eda de Muertos.<\/p>\n<p style=\"text-align: justify;\">Salgado Pineda consider\u00f3 necesario reforzar las medidas de prevenci\u00f3n pertinentes como el uso correcto del cubrebocas, el lavado constante de manos y mantener la sana distancia, pero sobre todo, evitar las aglomeraciones. Tambi\u00e9n, se\u00f1al\u00f3 que en todos los municipios contin\u00faan operando los m\u00f3dulos para la pr\u00e1ctica de pruebas r\u00e1pidas y que en esta capital, est\u00e1 funcionando en la alameda \u201cGranados Maldonado\u201d.<\/p>\n<p style=\"text-align: justify;\">Por su parte, el subsecretario de Prevenci\u00f3n y Control de Epidemiologia, Jes\u00fas Ulises Adame Reyna se\u00f1al\u00f3 que el estado de Guerrero se ubica entre los ocho estados con menor incidencia de casos activos, y al dar a conocer el informe t\u00e9cnico del d\u00eda, indic\u00f3 que en las \u00faltimas 24 horas se registraron 35 nuevos casos, con 245 casos activos que se ubican, principalmente, en Acapulco, Chilpancingo e Iguala.<\/p>\n<p style=\"text-align: justify;\">Respecto a la incidencia de hospitalizaci\u00f3n, dijo que se tienen 69 pacientes internados, de los cuales 68 se encuentran graves y solo uno intubado, con un total de 136 defunciones en el mes de octubre, con un promedio diario de 5.6 decesos, manteniendo una ocupaci\u00f3n de camas generales del 11 por ciento y de camas con ventilador del 1 por ciento; adem\u00e1s, puso a disposici\u00f3n de la poblaci\u00f3n, el Centro de Atenci\u00f3n Telef\u00f3nica Covitel Guerrero 800 772 5834.<\/p>\n<p style=\"text-align: justify;\">Al informar sobre la Estrategia Nacional de Vacunaci\u00f3n, el delegado en Guerrero de los Programas Sociales, Iv\u00e1n Hern\u00e1ndez D\u00edaz, se\u00f1al\u00f3 que actualmente se est\u00e1 aplicando la segunda dosis de la vacuna Astrazeneca a personas de 18 a 39 a\u00f1os en 4 municipios de la regi\u00f3n Centro del estado, para concluir la atenci\u00f3n a la poblaci\u00f3n mayor de 18 a\u00f1os, y que en la jornada de ayer se vacun\u00f3 a 5 mil 492 personas, con un acumulado de 8 mil 410 ciudadanos y que la meta planteada es de 28 mil 446 personas inmunizadas.<\/p>\n<p style=\"text-align: justify;\">Asimismo, mencion\u00f3 que el pasado 19 de septiembre se emiti\u00f3 un comunicado respecto a la vacunaci\u00f3n a ni\u00f1os y j\u00f3venes de 12 a 17 a\u00f1os de edad con alguna comorbilidad generada por enfermedades cr\u00f3nico-degenerativas pulmonares de gravedad o end\u00f3crinas, en estos casos indic\u00f3, las personas deber\u00e1n acudir a la instituci\u00f3n de salud que les corresponda como IMSS, ISSSTE, Sedena, Semar o Secretar\u00eda de Salud, a tramitar el certificado m\u00e9dico, requisito necesario para recibir la vacuna.<\/p>\n<p style=\"text-align: justify;\">Agreg\u00f3 que los ni\u00f1os y j\u00f3venes que no sean derechohabientes de alguna instituci\u00f3n y sean atendidos por servicios de salud privados, deber\u00e1n estar atentos a la informaci\u00f3n que emitir\u00e1 la delegaci\u00f3n Guerrero de la Secretar\u00eda del Bienestar de manera posterior, a fin de que reciban la vacuna correspondiente que se aplicar\u00e1 en la primera semana de noviembre pr\u00f3ximo, y que en su momento se dar\u00e1 a conocer la ubicaci\u00f3n de los puntos de vacunaci\u00f3n.<\/p>\n","protected":false},"excerpt":{"rendered":"<p>] CHILPANCINGO. * 26 de octubre de 2021. ) Gobierno de Guerrero. Con el fin de reducir los riesgos de contagio por Covid-19, la gobernadora del estado, Evelyn Salgado Pineda, invit\u00f3 a los guerrerenses que no han recibido la segunda dosis de la vacuna, a que acudan a los m\u00f3dulos de atenci\u00f3n para completar su&#8230;<\/p>\n","protected":false},"author":2,"featured_media":1233808,"comment_status":"closed","ping_status":"closed","sticky":false,"template":"","format":"standard","meta":{"footnotes":""},"categories":[1972],"tags":[6701,8251,9302],"class_list":["post-1233807","post","type-post","status-publish","format-standard","has-post-thumbnail","hentry","category-special","tag-covid-19","tag-evelyn-salgado-pineda","tag-gobierno-de-guerrero"],"_links":{"self":[{"href":"https:\/\/www.acapulcopress.com\/index.php\/wp-json\/wp\/v2\/posts\/1233807","targetHints":{"allow":["GET"]}}],"collection":[{"href":"https:\/\/www.acapulcopress.com\/index.php\/wp-json\/wp\/v2\/posts"}],"about":[{"href":"https:\/\/www.acapulcopress.com\/index.php\/wp-json\/wp\/v2\/types\/post"}],"author":[{"embeddable":true,"href":"https:\/\/www.acapulcopress.com\/index.php\/wp-json\/wp\/v2\/users\/2"}],"replies":[{"embeddable":true,"href":"https:\/\/www.acapulcopress.com\/index.php\/wp-json\/wp\/v2\/comments?post=1233807"}],"version-history":[{"count":0,"href":"https:\/\/www.acapulcopress.com\/index.php\/wp-json\/wp\/v2\/posts\/1233807\/revisions"}],"wp:featuredmedia":[{"embeddable":true,"href":"https:\/\/www.acapulcopress.com\/index.php\/wp-json\/"}],"wp:attachment":[{"href":"https:\/\/www.acapulcopress.com\/index.php\/wp-json\/wp\/v2\/media?parent=1233807"}],"wp:term":[{"taxonomy":"category","embeddable":true,"href":"https:\/\/www.acapulcopress.com\/index.php\/wp-json\/wp\/v2\/categories?post=1233807"},{"taxonomy":"post_tag","embeddable":true,"href":"https:\/\/www.acapulcopress.com\/index.php\/wp-json\/wp\/v2\/tags?post=1233807"}],"curies":[{"name":"wp","href":"https:\/\/api.w.org\/{rel}","templated":true}]}}