{"id":1233822,"date":"2021-10-26T23:17:04","date_gmt":"2021-10-27T04:17:04","guid":{"rendered":"https:\/\/www.acapulco.press\/?p=1233822"},"modified":"2021-10-26T23:17:04","modified_gmt":"2021-10-27T04:17:04","slug":"estado-y-federacion-atienden-a-familias-afectadas-de-cantaluna","status":"publish","type":"post","link":"https:\/\/www.acapulcopress.com\/index.php\/2021\/10\/26\/estado-y-federacion-atienden-a-familias-afectadas-de-cantaluna\/","title":{"rendered":"Estado y Federaci\u00f3n atienden a familias afectadas de &#8216;Cantaluna&#8217;"},"content":{"rendered":"<p style=\"text-align: justify;\">] ACAPULCO. * 26 de octubre de 2021.<br \/>\n<em>) Gobierno de Guerrero.<\/em><\/p>\n<p style=\"text-align: justify;\">Con la finalidad de supervisar y dar seguimiento a las afectaciones que origin\u00f3 el sismo del pasado 7 de septiembre en las viviendas de la Unidad Habitacional \u00abCantaluna\u00bb, el secretario de Protecci\u00f3n Civil del Estado, Roberto Arroyo Matus y la <img loading=\"lazy\" decoding=\"async\" class=\"alignleft size-medium wp-image-1233823\" src=\"https:\/\/www.acapulco.press\/wp-content\/uploads\/2021\/10\/CAnTALUNA-375x291.jpeg\" alt=\"\" width=\"375\" height=\"291\" \/>Coordinadora Nacional de Protecci\u00f3n Civil, Laura Vel\u00e1zquez Alz\u00faa, se reunieron con las familias damnificadas para atender sus peticiones.<\/p>\n<p style=\"text-align: justify;\">En cumplimiento a las instrucciones del Presidente de la Rep\u00fablica, Andr\u00e9s Manuel L\u00f3pez Obrador y de la gobernadora del Estado, Evelyn Salgado Pineda, ambos servidores p\u00fablicos inspeccionaron las condiciones estructurales de la Unidad Habitacional para dar seguimiento y buscar una posible soluci\u00f3n a las inconformidades de los afectados.<\/p>\n<p style=\"text-align: justify;\">Los damnificados solicitaron la intervenci\u00f3n de los gobiernos federal y estatal, para que la empresa constructora se haga responsable y repare los da\u00f1os o en su defecto reconstruya las viviendas afectadas por el movimiento tel\u00farico de magnitud 7.1, ocurrido la noche del pasado 7 de septiembre.<\/p>\n<p style=\"text-align: justify;\">Arroyo Matus escuch\u00f3 las inconformidades de los habitantes de dicho asentamiento humano, asegurando que el gobierno del estado coadyuvar\u00e1 junto con la federaci\u00f3n en la revisi\u00f3n a fondo del caso, donde se reportaron da\u00f1os estructurales en m\u00e1s de 600 viviendas.<\/p>\n<p style=\"text-align: justify;\">Por su parte, Vel\u00e1zquez Alz\u00faa, inform\u00f3 que se elaborar\u00e1 un nuevo dictamen por parte del gobierno federal y advirti\u00f3 medidas legales en contra de las empresas que participaron en la edificaci\u00f3n de la Unidad Habitacional Cantaluna.<\/p>\n<p style=\"text-align: justify;\">Por otro lado, tras el paso del hurac\u00e1n Rick por la Costa Grande, la Secretar\u00eda de Protecci\u00f3n Civil del Estado, inform\u00f3 que ya se encuentran avanzados los trabajos de restauraci\u00f3n del Puente de Juluchuca, ubicado en el kil\u00f3metro 195+888 en el municipio de Petatl\u00e1n, sobre la carretera federal Acapulco-Zihuatanejo.<\/p>\n","protected":false},"excerpt":{"rendered":"<p>] ACAPULCO. * 26 de octubre de 2021. ) Gobierno de Guerrero. Con la finalidad de supervisar y dar seguimiento a las afectaciones que origin\u00f3 el sismo del pasado 7 de septiembre en las viviendas de la Unidad Habitacional \u00abCantaluna\u00bb, el secretario de Protecci\u00f3n Civil del Estado, Roberto Arroyo Matus y la Coordinadora Nacional de&#8230;<\/p>\n","protected":false},"author":2,"featured_media":1233824,"comment_status":"closed","ping_status":"closed","sticky":false,"template":"","format":"standard","meta":{"footnotes":""},"categories":[1983,18561],"tags":[8251,9302,15097,17561],"class_list":["post-1233822","post","type-post","status-publish","format-standard","has-post-thumbnail","hentry","category-guerrerogob","category-society-politics","tag-evelyn-salgado-pineda","tag-gobierno-de-guerrero","tag-proteccion-civil-de-guerrero","tag-unidad-habitacional-cantaluna"],"_links":{"self":[{"href":"https:\/\/www.acapulcopress.com\/index.php\/wp-json\/wp\/v2\/posts\/1233822","targetHints":{"allow":["GET"]}}],"collection":[{"href":"https:\/\/www.acapulcopress.com\/index.php\/wp-json\/wp\/v2\/posts"}],"about":[{"href":"https:\/\/www.acapulcopress.com\/index.php\/wp-json\/wp\/v2\/types\/post"}],"author":[{"embeddable":true,"href":"https:\/\/www.acapulcopress.com\/index.php\/wp-json\/wp\/v2\/users\/2"}],"replies":[{"embeddable":true,"href":"https:\/\/www.acapulcopress.com\/index.php\/wp-json\/wp\/v2\/comments?post=1233822"}],"version-history":[{"count":0,"href":"https:\/\/www.acapulcopress.com\/index.php\/wp-json\/wp\/v2\/posts\/1233822\/revisions"}],"wp:featuredmedia":[{"embeddable":true,"href":"https:\/\/www.acapulcopress.com\/index.php\/wp-json\/"}],"wp:attachment":[{"href":"https:\/\/www.acapulcopress.com\/index.php\/wp-json\/wp\/v2\/media?parent=1233822"}],"wp:term":[{"taxonomy":"category","embeddable":true,"href":"https:\/\/www.acapulcopress.com\/index.php\/wp-json\/wp\/v2\/categories?post=1233822"},{"taxonomy":"post_tag","embeddable":true,"href":"https:\/\/www.acapulcopress.com\/index.php\/wp-json\/wp\/v2\/tags?post=1233822"}],"curies":[{"name":"wp","href":"https:\/\/api.w.org\/{rel}","templated":true}]}}