{"id":1233832,"date":"2021-10-26T23:42:07","date_gmt":"2021-10-27T04:42:07","guid":{"rendered":"https:\/\/www.acapulco.press\/?p=1233832"},"modified":"2021-10-26T23:42:07","modified_gmt":"2021-10-27T04:42:07","slug":"educacion-base-para-el-bienestar-social-marcial-rodriguez","status":"publish","type":"post","link":"https:\/\/www.acapulcopress.com\/index.php\/2021\/10\/26\/educacion-base-para-el-bienestar-social-marcial-rodriguez\/","title":{"rendered":"Educaci\u00f3n, \u00abbase para el bienestar \u00absocial | Marcial Rodr\u00edguez"},"content":{"rendered":"<p>] CHILPANCINGO. * 26 de octubre de 2021.<br \/>\n<em>) Especial.<\/em><\/p>\n<p style=\"text-align: justify;\">Al asistir, en representaci\u00f3n de la Gobernadora Evelyn Salgado Pineda al XXX aniversario del Instituto Tecnol\u00f3gico de Iguala, el Dr. Marcial Rodr\u00edguez Salda\u00f1a, secretario de Educaci\u00f3n en la entidad, les expres\u00f3 un amplio reconocimiento y felicitaci\u00f3n por su ardua labor en favor de la formaci\u00f3n de j\u00f3venes guerrerenses en el estudio de las tecnolog\u00edas.<\/p>\n<p style=\"text-align: justify;\">El titular de la SEG manifest\u00f3 que la gobernadora Evelyn Salgado, est\u00e1 comprometida con la educaci\u00f3n superior y para ello se crear\u00e1n m\u00e1s opciones de oferta educativa para los j\u00f3venes en Guerrero, con el objetivo de impulsar el bienestar de las familias de nuestra entidad.<\/p>\n<div style=\"width: 480px;\" class=\"wp-video\"><video class=\"wp-video-shortcode\" id=\"video-1233832-1\" width=\"480\" height=\"848\" preload=\"metadata\" controls=\"controls\"><source type=\"video\/mp4\" src=\"https:\/\/www.acapulco.press\/wp-content\/uploads\/2021\/10\/MARCIAL-TEC-1.mp4?_=1\" \/><a href=\"https:\/\/www.acapulco.press\/wp-content\/uploads\/2021\/10\/MARCIAL-TEC-1.mp4\">https:\/\/www.acapulco.press\/wp-content\/uploads\/2021\/10\/MARCIAL-TEC-1.mp4<\/a><\/video><\/div>\n<p>&nbsp;<\/p>\n","protected":false},"excerpt":{"rendered":"<p>] CHILPANCINGO. * 26 de octubre de 2021. ) Especial. Al asistir, en representaci\u00f3n de la Gobernadora Evelyn Salgado Pineda al XXX aniversario del Instituto Tecnol\u00f3gico de Iguala, el Dr. Marcial Rodr\u00edguez Salda\u00f1a, secretario de Educaci\u00f3n en la entidad, les expres\u00f3 un amplio reconocimiento y felicitaci\u00f3n por su ardua labor en favor de la formaci\u00f3n&#8230;<\/p>\n","protected":false},"author":2,"featured_media":1233834,"comment_status":"closed","ping_status":"closed","sticky":false,"template":"","format":"standard","meta":{"footnotes":""},"categories":[1969,2005],"tags":[8251,10349,12457,16169,16362],"class_list":["post-1233832","post","type-post","status-publish","format-standard","has-post-thumbnail","hentry","category-trending","category-seguridad-y-justicia","tag-evelyn-salgado-pineda","tag-instituto-tecnologico-de-iguala","tag-marcial-rodriguez-saldana","tag-secretaria-de-educacion-guerrero-seg","tag-seg"],"_links":{"self":[{"href":"https:\/\/www.acapulcopress.com\/index.php\/wp-json\/wp\/v2\/posts\/1233832","targetHints":{"allow":["GET"]}}],"collection":[{"href":"https:\/\/www.acapulcopress.com\/index.php\/wp-json\/wp\/v2\/posts"}],"about":[{"href":"https:\/\/www.acapulcopress.com\/index.php\/wp-json\/wp\/v2\/types\/post"}],"author":[{"embeddable":true,"href":"https:\/\/www.acapulcopress.com\/index.php\/wp-json\/wp\/v2\/users\/2"}],"replies":[{"embeddable":true,"href":"https:\/\/www.acapulcopress.com\/index.php\/wp-json\/wp\/v2\/comments?post=1233832"}],"version-history":[{"count":0,"href":"https:\/\/www.acapulcopress.com\/index.php\/wp-json\/wp\/v2\/posts\/1233832\/revisions"}],"wp:featuredmedia":[{"embeddable":true,"href":"https:\/\/www.acapulcopress.com\/index.php\/wp-json\/"}],"wp:attachment":[{"href":"https:\/\/www.acapulcopress.com\/index.php\/wp-json\/wp\/v2\/media?parent=1233832"}],"wp:term":[{"taxonomy":"category","embeddable":true,"href":"https:\/\/www.acapulcopress.com\/index.php\/wp-json\/wp\/v2\/categories?post=1233832"},{"taxonomy":"post_tag","embeddable":true,"href":"https:\/\/www.acapulcopress.com\/index.php\/wp-json\/wp\/v2\/tags?post=1233832"}],"curies":[{"name":"wp","href":"https:\/\/api.w.org\/{rel}","templated":true}]}}