{"id":1233840,"date":"2021-10-27T00:00:29","date_gmt":"2021-10-27T05:00:29","guid":{"rendered":"https:\/\/www.acapulco.press\/?p=1233840"},"modified":"2021-10-27T00:00:29","modified_gmt":"2021-10-27T05:00:29","slug":"se-impuso-el-dialogo-liberan-direccion-de-personal-de-la-seg-marcial-rodriguez","status":"publish","type":"post","link":"https:\/\/www.acapulcopress.com\/index.php\/2021\/10\/27\/se-impuso-el-dialogo-liberan-direccion-de-personal-de-la-seg-marcial-rodriguez\/","title":{"rendered":"Se impuso el di\u00e1logo: Liberan Direcci\u00f3n de Personal de la SEG | Marcial Rodr\u00edguez"},"content":{"rendered":"<p>] CHILPANCINGO. * 26 de octubre de 2021.<br \/>\n<em>) Especial.<\/em><\/p>\n<p style=\"text-align: justify;\">El Secretario de Educaci\u00f3n en Guerrero, Dr. Marcial Rodr\u00edguez Salda\u00f1a, inform\u00f3 que las instalaciones de la Direcci\u00f3n de Personal de la SEG fue liberada el d\u00eda de hoy, gracias al di\u00e1logo y atenci\u00f3n brindada de manera inmediata con los trabajadores que ten\u00edan tomadas dichas oficinas.<\/p>\n<p style=\"text-align: justify;\">El titular de la SEG refrend\u00f3 su compromiso de establecer una mesa de di\u00e1logo constante para escuchar y dirimir los conflictos que pudieran surgir con los trabajadores de la USICAMM y poder tener con ello, una coordinaci\u00f3n que beneficie al sector educativo en nuestra entidad.<\/p>\n","protected":false},"excerpt":{"rendered":"<p>] CHILPANCINGO. * 26 de octubre de 2021. ) Especial. El Secretario de Educaci\u00f3n en Guerrero, Dr. Marcial Rodr\u00edguez Salda\u00f1a, inform\u00f3 que las instalaciones de la Direcci\u00f3n de Personal de la SEG fue liberada el d\u00eda de hoy, gracias al di\u00e1logo y atenci\u00f3n brindada de manera inmediata con los trabajadores que ten\u00edan tomadas dichas oficinas&#8230;.<\/p>\n","protected":false},"author":2,"featured_media":1233841,"comment_status":"closed","ping_status":"closed","sticky":false,"template":"","format":"standard","meta":{"footnotes":""},"categories":[1969,2081],"tags":[12457,16169,16362],"class_list":["post-1233840","post","type-post","status-publish","format-standard","has-post-thumbnail","hentry","category-trending","category-seg","tag-marcial-rodriguez-saldana","tag-secretaria-de-educacion-guerrero-seg","tag-seg"],"_links":{"self":[{"href":"https:\/\/www.acapulcopress.com\/index.php\/wp-json\/wp\/v2\/posts\/1233840","targetHints":{"allow":["GET"]}}],"collection":[{"href":"https:\/\/www.acapulcopress.com\/index.php\/wp-json\/wp\/v2\/posts"}],"about":[{"href":"https:\/\/www.acapulcopress.com\/index.php\/wp-json\/wp\/v2\/types\/post"}],"author":[{"embeddable":true,"href":"https:\/\/www.acapulcopress.com\/index.php\/wp-json\/wp\/v2\/users\/2"}],"replies":[{"embeddable":true,"href":"https:\/\/www.acapulcopress.com\/index.php\/wp-json\/wp\/v2\/comments?post=1233840"}],"version-history":[{"count":0,"href":"https:\/\/www.acapulcopress.com\/index.php\/wp-json\/wp\/v2\/posts\/1233840\/revisions"}],"wp:featuredmedia":[{"embeddable":true,"href":"https:\/\/www.acapulcopress.com\/index.php\/wp-json\/"}],"wp:attachment":[{"href":"https:\/\/www.acapulcopress.com\/index.php\/wp-json\/wp\/v2\/media?parent=1233840"}],"wp:term":[{"taxonomy":"category","embeddable":true,"href":"https:\/\/www.acapulcopress.com\/index.php\/wp-json\/wp\/v2\/categories?post=1233840"},{"taxonomy":"post_tag","embeddable":true,"href":"https:\/\/www.acapulcopress.com\/index.php\/wp-json\/wp\/v2\/tags?post=1233840"}],"curies":[{"name":"wp","href":"https:\/\/api.w.org\/{rel}","templated":true}]}}