{"id":1233846,"date":"2021-10-27T19:43:04","date_gmt":"2021-10-28T00:43:04","guid":{"rendered":"https:\/\/www.acapulco.press\/?p=1233846"},"modified":"2021-10-27T19:43:04","modified_gmt":"2021-10-28T00:43:04","slug":"guerrero-en-la-ruta-correcta-del-progreso-y-la-transformacion-evelyn-salgado","status":"publish","type":"post","link":"https:\/\/www.acapulcopress.com\/index.php\/2021\/10\/27\/guerrero-en-la-ruta-correcta-del-progreso-y-la-transformacion-evelyn-salgado\/","title":{"rendered":"Guerrero, en la ruta correcta del progreso y la transformaci\u00f3n | Evelyn Salgado"},"content":{"rendered":"<figure id=\"attachment_1233847\" aria-describedby=\"caption-attachment-1233847\" style=\"width: 840px\" class=\"wp-caption alignnone\"><img loading=\"lazy\" decoding=\"async\" class=\"wp-image-1233847 size-large\" src=\"https:\/\/www.acapulco.press\/wp-content\/uploads\/2021\/10\/gro-esp-840x560.jpg\" alt=\"\" width=\"840\" height=\"560\" \/><figcaption id=\"caption-attachment-1233847\" class=\"wp-caption-text\"><strong>La gobernadora presidi\u00f3 sesi\u00f3n conmemorativa al 172 aniversario de la Erecci\u00f3n del Estado con izamiento de estandarte monumental del Escudo de Guerrero.<\/strong><\/figcaption><\/figure>\n<p style=\"text-align: justify;\">] CHILPANCINGO. * 27 de octubre de 2021.<br \/>\n<em>) Gobierno de Guerrero.<\/em><\/p>\n<p style=\"text-align: justify;\">Al presidir la ceremonia de izamiento del estandarte monumental del escudo de Guerrero, la gobernadora Evelyn Salgado Pineda, resalt\u00f3 que esta entidad hist\u00f3rica y de lucha transita en la ruta del progreso en el proceso de la Cuarta Transformaci\u00f3n de la vida p\u00fablica del pa\u00eds guiado por el Presidente Andr\u00e9s Manuel L\u00f3pez Obrador.<\/p>\n<p style=\"text-align: justify;\">\u00abHoy me siento profundamente honrada de ser parte de un momento hist\u00f3rico de un proceso de transformaci\u00f3n popular y profundo de un movimiento que nace del pueblo, es pueblo y que est\u00e1 con el pueblo, hoy a 172 a\u00f1os Guerrero sigue caminando por la ruta del progreso, guiado por la innegable voluntad de apoyo del mejor presidente que hemos tenido el licenciado Andr\u00e9s Manuel L\u00f3pez Obrador\u00bb, expres\u00f3 Salgado Pineda.<\/p>\n<p style=\"text-align: justify;\">Como parte de la conmemoraci\u00f3n por el 172 Aniversario de la Erecci\u00f3n del Estado de Guerrero, Evelyn Salgado Pineda, destac\u00f3 el apoyo del Presidente Andr\u00e9s Manuel L\u00f3pez Obrador a Guerrero, \u00abque ha sembrado vida y esperanza en nuestra tierra como en ninguna otra. Guerrero es muestra de que, amor con amor se paga, tierra f\u00e9rtil de las cuatro transformaciones del pa\u00eds\u00bb, se\u00f1al\u00f3.<\/p>\n<p style=\"text-align: justify;\">En su mensaje, en este evento c\u00edvico en la explanada Vicente Guerrero del Recinto Oficial del Poder Ejecutivo, Evelyn Salgado expres\u00f3 que: Guerrero es, tierra iluminada por el brillo de las minas de Taxco, tierra embellecida por la imponencia de la Costa Grande, tierra bendecida con la generosa naturaleza de la Costa Chica, donde los Ocampo tejieron a nuestra Patria en mi natal Iguala, tierra orgullosa, la majestuosidad de Acapulco, tierra encantada por la tradici\u00f3n de la Monta\u00f1a y por la alegr\u00eda de la Sierra, tierra madre de nuestro gran pa\u00eds, el centro en Chilpancingo, cuna de los Sentimientos de la Naci\u00f3n, que viva Guerrero, tierra donde se vive y se respira patria, \u00a1viva Guerrero!.<\/p>\n<p style=\"text-align: justify;\">Con los representantes del Poder Legislativo y Judicial en el Estado, acompa\u00f1ada por el Senador F\u00e9lix Salgado Macedonio, as\u00ed como de mandos de la Novena Regi\u00f3n Militar y de la Octava Regi\u00f3n Naval, la gobernadora Evelyn Salgado Pineda iz\u00f3 el estandarte hasta lo m\u00e1s alto del asta monumental al centro de la sede del Poder Ejecutivo del Estado.<\/p>\n<p style=\"text-align: justify;\">\u00abUn d\u00eda como hoy, 27 de octubre de hace 172 a\u00f1os se declar\u00f3 formalmente constituido nuestro Estado de Guerrero, Guerrero naci\u00f3 de la necesidad de honrar a un h\u00e9roe que nos dio Patria, (Vicente Guerrero)\u00bb, record\u00f3 la gobernadora Evelyn Salgado.<\/p>\n","protected":false},"excerpt":{"rendered":"<p>] CHILPANCINGO. * 27 de octubre de 2021. ) Gobierno de Guerrero. Al presidir la ceremonia de izamiento del estandarte monumental del escudo de Guerrero, la gobernadora Evelyn Salgado Pineda, resalt\u00f3 que esta entidad hist\u00f3rica y de lucha transita en la ruta del progreso en el proceso de la Cuarta Transformaci\u00f3n de la vida p\u00fablica&#8230;<\/p>\n","protected":false},"author":2,"featured_media":1233848,"comment_status":"closed","ping_status":"closed","sticky":false,"template":"","format":"standard","meta":{"footnotes":""},"categories":[1972],"tags":[],"class_list":["post-1233846","post","type-post","status-publish","format-standard","has-post-thumbnail","hentry","category-special"],"_links":{"self":[{"href":"https:\/\/www.acapulcopress.com\/index.php\/wp-json\/wp\/v2\/posts\/1233846","targetHints":{"allow":["GET"]}}],"collection":[{"href":"https:\/\/www.acapulcopress.com\/index.php\/wp-json\/wp\/v2\/posts"}],"about":[{"href":"https:\/\/www.acapulcopress.com\/index.php\/wp-json\/wp\/v2\/types\/post"}],"author":[{"embeddable":true,"href":"https:\/\/www.acapulcopress.com\/index.php\/wp-json\/wp\/v2\/users\/2"}],"replies":[{"embeddable":true,"href":"https:\/\/www.acapulcopress.com\/index.php\/wp-json\/wp\/v2\/comments?post=1233846"}],"version-history":[{"count":0,"href":"https:\/\/www.acapulcopress.com\/index.php\/wp-json\/wp\/v2\/posts\/1233846\/revisions"}],"wp:featuredmedia":[{"embeddable":true,"href":"https:\/\/www.acapulcopress.com\/index.php\/wp-json\/"}],"wp:attachment":[{"href":"https:\/\/www.acapulcopress.com\/index.php\/wp-json\/wp\/v2\/media?parent=1233846"}],"wp:term":[{"taxonomy":"category","embeddable":true,"href":"https:\/\/www.acapulcopress.com\/index.php\/wp-json\/wp\/v2\/categories?post=1233846"},{"taxonomy":"post_tag","embeddable":true,"href":"https:\/\/www.acapulcopress.com\/index.php\/wp-json\/wp\/v2\/tags?post=1233846"}],"curies":[{"name":"wp","href":"https:\/\/api.w.org\/{rel}","templated":true}]}}