{"id":1233853,"date":"2021-10-27T20:15:05","date_gmt":"2021-10-28T01:15:05","guid":{"rendered":"https:\/\/www.acapulco.press\/?p=1233853"},"modified":"2021-10-27T20:15:05","modified_gmt":"2021-10-28T01:15:05","slug":"reitera-marcial-rodriguez-a-rector-de-uagro-disposicion-de-trabajo-conjunto","status":"publish","type":"post","link":"https:\/\/www.acapulcopress.com\/index.php\/2021\/10\/27\/reitera-marcial-rodriguez-a-rector-de-uagro-disposicion-de-trabajo-conjunto\/","title":{"rendered":"Reitera Marcial Rodr\u00edguez a Rector de UAGro disposici\u00f3n de trabajo conjunto"},"content":{"rendered":"<p style=\"text-align: justify;\">] CHILPANCINGO. * 27 de octubre de 2021.<br \/>\n<em>) Especial.<\/em><\/p>\n<p style=\"text-align: justify;\">Marcial Rodr\u00edguez Salda\u00f1a, secretario de Educaci\u00f3n en el Estado, realiz\u00f3 una visita de cortes\u00eda al rector de la Universidad Aut\u00f3noma de Guerrero, Jos\u00e9 Alfredo Romero Olea, para expresarle la disposici\u00f3n de la gobernadora Evelyn Salgado Pineda de mantener una relaci\u00f3n de respeto, colaboraci\u00f3n y apoyo a la m\u00e1xima casa de estudios.<\/p>\n<p style=\"text-align: justify;\">Ambos personajes recordaron que fueron compa\u00f1eros de grupo desde la escuela preparatoria n\u00famero 7, en la facultad de derecho, en la casa de estudiantes Genaro V\u00e1zquez Rojas y en las luchas estudiantiles y populares en defensa del proyecto universidad pueblo.<\/p>\n<p style=\"text-align: justify;\">Rodr\u00edguez Salda\u00f1a quien tambi\u00e9n fue rector y ahora Maestro Em\u00e9rito de la UAGro, manifest\u00f3, qu\u00e9 tiene una enorme gratitud con esta Instituci\u00f3n porque ah\u00ed se form\u00f3 como estudiante, docente e investigador.<\/p>\n","protected":false},"excerpt":{"rendered":"<p>] CHILPANCINGO. * 27 de octubre de 2021. ) Especial. Marcial Rodr\u00edguez Salda\u00f1a, secretario de Educaci\u00f3n en el Estado, realiz\u00f3 una visita de cortes\u00eda al rector de la Universidad Aut\u00f3noma de Guerrero, Jos\u00e9 Alfredo Romero Olea, para expresarle la disposici\u00f3n de la gobernadora Evelyn Salgado Pineda de mantener una relaci\u00f3n de respeto, colaboraci\u00f3n y apoyo&#8230;<\/p>\n","protected":false},"author":2,"featured_media":1233854,"comment_status":"closed","ping_status":"closed","sticky":false,"template":"","format":"standard","meta":{"footnotes":""},"categories":[1969,2081],"tags":[12457,16169,16362],"class_list":["post-1233853","post","type-post","status-publish","format-standard","has-post-thumbnail","hentry","category-trending","category-seg","tag-marcial-rodriguez-saldana","tag-secretaria-de-educacion-guerrero-seg","tag-seg"],"_links":{"self":[{"href":"https:\/\/www.acapulcopress.com\/index.php\/wp-json\/wp\/v2\/posts\/1233853","targetHints":{"allow":["GET"]}}],"collection":[{"href":"https:\/\/www.acapulcopress.com\/index.php\/wp-json\/wp\/v2\/posts"}],"about":[{"href":"https:\/\/www.acapulcopress.com\/index.php\/wp-json\/wp\/v2\/types\/post"}],"author":[{"embeddable":true,"href":"https:\/\/www.acapulcopress.com\/index.php\/wp-json\/wp\/v2\/users\/2"}],"replies":[{"embeddable":true,"href":"https:\/\/www.acapulcopress.com\/index.php\/wp-json\/wp\/v2\/comments?post=1233853"}],"version-history":[{"count":0,"href":"https:\/\/www.acapulcopress.com\/index.php\/wp-json\/wp\/v2\/posts\/1233853\/revisions"}],"wp:featuredmedia":[{"embeddable":true,"href":"https:\/\/www.acapulcopress.com\/index.php\/wp-json\/"}],"wp:attachment":[{"href":"https:\/\/www.acapulcopress.com\/index.php\/wp-json\/wp\/v2\/media?parent=1233853"}],"wp:term":[{"taxonomy":"category","embeddable":true,"href":"https:\/\/www.acapulcopress.com\/index.php\/wp-json\/wp\/v2\/categories?post=1233853"},{"taxonomy":"post_tag","embeddable":true,"href":"https:\/\/www.acapulcopress.com\/index.php\/wp-json\/wp\/v2\/tags?post=1233853"}],"curies":[{"name":"wp","href":"https:\/\/api.w.org\/{rel}","templated":true}]}}