{"id":1233873,"date":"2021-10-27T21:08:41","date_gmt":"2021-10-28T02:08:41","guid":{"rendered":"https:\/\/www.acapulco.press\/?p=1233873"},"modified":"2021-10-27T21:08:41","modified_gmt":"2021-10-28T02:08:41","slug":"captura-fiscalia-a-dos-individuos-uno-por-violacion-y-otro-por-homicidio","status":"publish","type":"post","link":"https:\/\/www.acapulcopress.com\/index.php\/2021\/10\/27\/captura-fiscalia-a-dos-individuos-uno-por-violacion-y-otro-por-homicidio\/","title":{"rendered":"Captura Fiscal\u00eda dos individuos en Acapulco y Tierra Colorada: Uno por violaci\u00f3n y otro por homicidio"},"content":{"rendered":"<p>] CHILPANCINGO. * 27 de octubre de 2021.<br \/>\n<em>) <a href=\"https:\/\/fiscaliaguerrero.gob.mx\" target=\"_blank\" rel=\"noopener\">https:\/\/fiscaliaguerrero.gob.mx<\/a>.<\/em><\/p>\n<p style=\"text-align: justify;\"><img loading=\"lazy\" decoding=\"async\" class=\"alignleft size-medium wp-image-1233875\" src=\"https:\/\/www.acapulco.press\/wp-content\/uploads\/2021\/10\/FGE-OMAR-HOMICIDIO-375x375.jpg\" alt=\"\" width=\"375\" height=\"375\" \/>Fiscal\u00eda de Guerrero a trav\u00e9s de la Polic\u00eda Investigadora Ministerial Zona Centro, dio cumplimiento a la orden de aprehensi\u00f3n en contra de Artemio \u00abN\u00bb detenido como probable responsable del delito de violaci\u00f3n tumultuaria, hechos integrados en la causa penal 148-2\/2021, quedando a disposici\u00f3n del Juez Tercero de Primera Instancia Penal del Distrito Judicial de Tabares.<\/p>\n<p style=\"text-align: justify;\">Fiscal\u00eda de Guerrero a trav\u00e9s de la Polic\u00eda Investigadora Ministerial de Tierra Colorada, dio cumplimiento a la orden de reaprehensi\u00f3n en contra de Omar \u00abN\u00bb, detenido como probable responsable del delito de homicidio en Pedro \u00abN\u00bb, puesto a disposici\u00f3n del juez correspondiente.<\/p>\n<p>&nbsp;<\/p>\n","protected":false},"excerpt":{"rendered":"<p>] CHILPANCINGO. * 27 de octubre de 2021. ) https:\/\/fiscaliaguerrero.gob.mx. Fiscal\u00eda de Guerrero a trav\u00e9s de la Polic\u00eda Investigadora Ministerial Zona Centro, dio cumplimiento a la orden de aprehensi\u00f3n en contra de Artemio \u00abN\u00bb detenido como probable responsable del delito de violaci\u00f3n tumultuaria, hechos integrados en la causa penal 148-2\/2021, quedando a disposici\u00f3n del Juez&#8230;<\/p>\n","protected":false},"author":2,"featured_media":1233874,"comment_status":"closed","ping_status":"closed","sticky":false,"template":"","format":"standard","meta":{"footnotes":""},"categories":[1969,2005],"tags":[2565,8703,10946,14737],"class_list":["post-1233873","post","type-post","status-publish","format-standard","has-post-thumbnail","hentry","category-trending","category-seguridad-y-justicia","tag-https-fiscaliaguerrero-gob-mx","tag-fiscalia-general-del-estado-de-guerrero-fge","tag-jorge-zuriel-de-los-santos-barrila","tag-policia-ministerial-de-guerrero"],"_links":{"self":[{"href":"https:\/\/www.acapulcopress.com\/index.php\/wp-json\/wp\/v2\/posts\/1233873","targetHints":{"allow":["GET"]}}],"collection":[{"href":"https:\/\/www.acapulcopress.com\/index.php\/wp-json\/wp\/v2\/posts"}],"about":[{"href":"https:\/\/www.acapulcopress.com\/index.php\/wp-json\/wp\/v2\/types\/post"}],"author":[{"embeddable":true,"href":"https:\/\/www.acapulcopress.com\/index.php\/wp-json\/wp\/v2\/users\/2"}],"replies":[{"embeddable":true,"href":"https:\/\/www.acapulcopress.com\/index.php\/wp-json\/wp\/v2\/comments?post=1233873"}],"version-history":[{"count":0,"href":"https:\/\/www.acapulcopress.com\/index.php\/wp-json\/wp\/v2\/posts\/1233873\/revisions"}],"wp:featuredmedia":[{"embeddable":true,"href":"https:\/\/www.acapulcopress.com\/index.php\/wp-json\/"}],"wp:attachment":[{"href":"https:\/\/www.acapulcopress.com\/index.php\/wp-json\/wp\/v2\/media?parent=1233873"}],"wp:term":[{"taxonomy":"category","embeddable":true,"href":"https:\/\/www.acapulcopress.com\/index.php\/wp-json\/wp\/v2\/categories?post=1233873"},{"taxonomy":"post_tag","embeddable":true,"href":"https:\/\/www.acapulcopress.com\/index.php\/wp-json\/wp\/v2\/tags?post=1233873"}],"curies":[{"name":"wp","href":"https:\/\/api.w.org\/{rel}","templated":true}]}}