{"id":1233888,"date":"2021-10-27T10:26:07","date_gmt":"2021-10-27T15:26:07","guid":{"rendered":"https:\/\/www.acapulco.press\/?p=1233888"},"modified":"2021-10-27T10:26:07","modified_gmt":"2021-10-27T15:26:07","slug":"celebra-uagro-el-172-aniversario-del-estado-de-guerrero","status":"publish","type":"post","link":"https:\/\/www.acapulcopress.com\/index.php\/2021\/10\/27\/celebra-uagro-el-172-aniversario-del-estado-de-guerrero\/","title":{"rendered":"Celebra UAGro el 172 aniversario del Estado de Guerrero"},"content":{"rendered":"<p>] CHILPANCINGO. * 27 de octubre de 2021.<br \/>\n<em>) UAGro<\/em><\/p>\n<p style=\"text-align: justify;\">\u00abCelebrar el 172 aniversario de nuestro estado de Guerrero es celebrar nuestra historia, ra\u00edces y tradiciones que nos hacen ser, \u00a1Orgullosamente guerrerenses!\u00bb, manifest\u00f3 el Rector Jos\u00e9 Alfredo Romero Olea al conmemorarse un aniversario m\u00e1s de la erecci\u00f3n de Guerrero.<\/p>\n<p><img loading=\"lazy\" decoding=\"async\" class=\"alignnone wp-image-1233882 \" src=\"https:\/\/www.acapulco.press\/wp-content\/uploads\/2021\/10\/UAGRO-ANIVERSARIO-GRO.jpg\" alt=\"\" width=\"804\" height=\"804\" \/><\/p>\n","protected":false},"excerpt":{"rendered":"<p>] CHILPANCINGO. * 27 de octubre de 2021. ) UAGro \u00abCelebrar el 172 aniversario de nuestro estado de Guerrero es celebrar nuestra historia, ra\u00edces y tradiciones que nos hacen ser, \u00a1Orgullosamente guerrerenses!\u00bb, manifest\u00f3 el Rector Jos\u00e9 Alfredo Romero Olea al conmemorarse un aniversario m\u00e1s de la erecci\u00f3n de Guerrero.<\/p>\n","protected":false},"author":2,"featured_media":1233882,"comment_status":"closed","ping_status":"closed","sticky":false,"template":"","format":"standard","meta":{"footnotes":""},"categories":[18561,2016],"tags":[2896,10980,17610],"class_list":["post-1233888","post","type-post","status-publish","format-standard","has-post-thumbnail","hentry","category-society-politics","category-uagro-society-politics","tag-uagro-2","tag-jose-alfredo-romero-olea","tag-universidad-autonoma-de-guerrero-uagro"],"_links":{"self":[{"href":"https:\/\/www.acapulcopress.com\/index.php\/wp-json\/wp\/v2\/posts\/1233888","targetHints":{"allow":["GET"]}}],"collection":[{"href":"https:\/\/www.acapulcopress.com\/index.php\/wp-json\/wp\/v2\/posts"}],"about":[{"href":"https:\/\/www.acapulcopress.com\/index.php\/wp-json\/wp\/v2\/types\/post"}],"author":[{"embeddable":true,"href":"https:\/\/www.acapulcopress.com\/index.php\/wp-json\/wp\/v2\/users\/2"}],"replies":[{"embeddable":true,"href":"https:\/\/www.acapulcopress.com\/index.php\/wp-json\/wp\/v2\/comments?post=1233888"}],"version-history":[{"count":0,"href":"https:\/\/www.acapulcopress.com\/index.php\/wp-json\/wp\/v2\/posts\/1233888\/revisions"}],"wp:featuredmedia":[{"embeddable":true,"href":"https:\/\/www.acapulcopress.com\/index.php\/wp-json\/"}],"wp:attachment":[{"href":"https:\/\/www.acapulcopress.com\/index.php\/wp-json\/wp\/v2\/media?parent=1233888"}],"wp:term":[{"taxonomy":"category","embeddable":true,"href":"https:\/\/www.acapulcopress.com\/index.php\/wp-json\/wp\/v2\/categories?post=1233888"},{"taxonomy":"post_tag","embeddable":true,"href":"https:\/\/www.acapulcopress.com\/index.php\/wp-json\/wp\/v2\/tags?post=1233888"}],"curies":[{"name":"wp","href":"https:\/\/api.w.org\/{rel}","templated":true}]}}