{"id":1233905,"date":"2021-10-28T19:24:25","date_gmt":"2021-10-29T00:24:25","guid":{"rendered":"https:\/\/www.acapulco.press\/?p=1233905"},"modified":"2021-10-28T19:24:25","modified_gmt":"2021-10-29T00:24:25","slug":"fiscal-general-sabia-y-oportuna-renuncia","status":"publish","type":"post","link":"https:\/\/www.acapulcopress.com\/index.php\/2021\/10\/28\/fiscal-general-sabia-y-oportuna-renuncia\/","title":{"rendered":"Fiscal General | Sabia y oportuna renuncia"},"content":{"rendered":"<p style=\"text-align: justify;\"><span data-offset-key=\"2tcpk-0-0\">E d i t o r i a l<\/span><\/p>\n<p style=\"text-align: justify;\">Sabia y oportuna la \u00abrenuncia irrevocable\u00bb del Fiscal General de Guerrero, Mtro. Jorge Zuriel de los Santos, pese a que la LXI <img loading=\"lazy\" decoding=\"async\" class=\"alignleft size-medium wp-image-1233906\" src=\"https:\/\/www.acapulco.press\/wp-content\/uploads\/2021\/10\/Carta-de-Reununcia-JZDB-375x486.jpg\" alt=\"\" width=\"375\" height=\"486\" \/>Legislatura del Congreso local lo hab\u00eda designado, el 15 de mayo de 2018, \u00abFiscal General del Estado\u00bb por \u00abseis a\u00f1os improrrogables\u00bb; es decir, hasta el 2024.<\/p>\n<p style=\"text-align: justify;\"><span data-offset-key=\"2tcpk-0-0\">Sabia y oportuna su renuncia porque el &#8216;Gobierno 4T&#8217; de los Salgado (padre e hija) no lleg\u00f3 al poder con buenas expectativas, sino democr\u00e1ticmente ileg\u00edtimo, muy enmara\u00f1ado y cuestionado en aspectos jur\u00eddicos (sobre todo por los conflictos sexuales que arrastra el progenitor de la gobernadora) y con malos augurios y muchos nubarrones y tormentas calamitosas previstas durante el \u00absexenio en comodato\u00bb que ya comparten, desde el 15 de octubre pasado, Evelyn Salgado Pineda y F\u00e9lix Salgado Macedonio.<\/span><\/p>\n<p style=\"text-align: justify;\">Con un gobierno incierto y complicado desde las entra\u00f1as mismas, como el de &#8216;La Torita&#8217; y &#8216;El Toro sin cerca&#8217;, insistentemente vinculado al narcotr\u00e1fico y el crimen organizado, se ve dif\u00edcil que Guerrero avance en materia de justicia, gobernanza y estabilidad social.<\/p>\n<p style=\"text-align: justify;\">\u00abA buen entendedor, pocas palabras\u00bb.<\/p>\n<p style=\"text-align: justify;\">Tiempo al sabio tiempo.<br \/>\n<strong><span class=\"py34i1dx\">www.acapulco.press<\/span><\/strong><\/p>\n","protected":false},"excerpt":{"rendered":"<p>E d i t o r i a l Sabia y oportuna la \u00abrenuncia irrevocable\u00bb del Fiscal General de Guerrero, Mtro. Jorge Zuriel de los Santos, pese a que la LXI Legislatura del Congreso local lo hab\u00eda designado, el 15 de mayo de 2018, \u00abFiscal General del Estado\u00bb por \u00abseis a\u00f1os improrrogables\u00bb; es decir, hasta&#8230;<\/p>\n","protected":false},"author":2,"featured_media":1233907,"comment_status":"closed","ping_status":"closed","sticky":false,"template":"","format":"standard","meta":{"footnotes":""},"categories":[2048,1972,2008],"tags":[2118,2123,7787,8251,8467,8703,10946,14737],"class_list":["post-1233905","post","type-post","status-publish","format-standard","has-post-thumbnail","hentry","category-editorial-editorial","category-special","category-editorial","tag-gobiernos-4t","tag-la-torita","tag-el-toro-sin-cerca","tag-evelyn-salgado-pineda","tag-felix-salgado-macedonio","tag-fiscalia-general-del-estado-de-guerrero-fge","tag-jorge-zuriel-de-los-santos-barrila","tag-policia-ministerial-de-guerrero"],"_links":{"self":[{"href":"https:\/\/www.acapulcopress.com\/index.php\/wp-json\/wp\/v2\/posts\/1233905","targetHints":{"allow":["GET"]}}],"collection":[{"href":"https:\/\/www.acapulcopress.com\/index.php\/wp-json\/wp\/v2\/posts"}],"about":[{"href":"https:\/\/www.acapulcopress.com\/index.php\/wp-json\/wp\/v2\/types\/post"}],"author":[{"embeddable":true,"href":"https:\/\/www.acapulcopress.com\/index.php\/wp-json\/wp\/v2\/users\/2"}],"replies":[{"embeddable":true,"href":"https:\/\/www.acapulcopress.com\/index.php\/wp-json\/wp\/v2\/comments?post=1233905"}],"version-history":[{"count":0,"href":"https:\/\/www.acapulcopress.com\/index.php\/wp-json\/wp\/v2\/posts\/1233905\/revisions"}],"wp:featuredmedia":[{"embeddable":true,"href":"https:\/\/www.acapulcopress.com\/index.php\/wp-json\/"}],"wp:attachment":[{"href":"https:\/\/www.acapulcopress.com\/index.php\/wp-json\/wp\/v2\/media?parent=1233905"}],"wp:term":[{"taxonomy":"category","embeddable":true,"href":"https:\/\/www.acapulcopress.com\/index.php\/wp-json\/wp\/v2\/categories?post=1233905"},{"taxonomy":"post_tag","embeddable":true,"href":"https:\/\/www.acapulcopress.com\/index.php\/wp-json\/wp\/v2\/tags?post=1233905"}],"curies":[{"name":"wp","href":"https:\/\/api.w.org\/{rel}","templated":true}]}}