{"id":1233913,"date":"2021-10-28T19:43:06","date_gmt":"2021-10-29T00:43:06","guid":{"rendered":"https:\/\/www.acapulco.press\/?p=1233913"},"modified":"2021-10-28T19:43:06","modified_gmt":"2021-10-29T00:43:06","slug":"renuncia-el-fiscal-general-de-guerrero","status":"publish","type":"post","link":"https:\/\/www.acapulcopress.com\/index.php\/2021\/10\/28\/renuncia-el-fiscal-general-de-guerrero\/","title":{"rendered":"Renuncia el Fiscal General de Guerrero"},"content":{"rendered":"<p style=\"text-align: justify;\">\u00bb <strong>Melissa Galv\u00e1n<\/strong><br \/>\n] CIUDAD DE M\u00c9XICO. * 28 de octubre de 2021.<br \/>\n<em>) <a href=\"https:\/\/politica.expansion.mx\/estados\/2021\/10\/28\/el-fiscal-general-de-guerrero-renuncia-al-cargo\" target=\"_blank\" rel=\"noopener\">Expaansi\u00f3n<\/a>.<\/em><\/p>\n<p style=\"text-align: justify;\">Melissa Galv\u00e1n<\/p>\n<p style=\"text-align: justify;\">El fiscal general de Guerrero, Jorge Zuriel de los Santos Barrila, inform\u00f3 este jueves que present\u00f3 su renuncia ante el Congreso local.<\/p>\n<figure id=\"attachment_1233907\" aria-describedby=\"caption-attachment-1233907\" style=\"width: 375px\" class=\"wp-caption alignleft\"><img loading=\"lazy\" decoding=\"async\" class=\"wp-image-1233907 size-medium\" src=\"https:\/\/www.acapulco.press\/wp-content\/uploads\/2021\/10\/Fiscal-general-gro-375x250.webp\" alt=\"\" width=\"375\" height=\"250\" \/><figcaption id=\"caption-attachment-1233907\" class=\"wp-caption-text\"><strong>Jorge Zuriel de los Santos.<\/strong><\/figcaption><\/figure>\n<p style=\"text-align: justify;\">En su cuenta de Facebook, el funcionario guerrerense indic\u00f3 que el motivo de su dimisi\u00f3n es \u00abestrictamente personal y familiar\u00bb, y agreg\u00f3 que a partir del pr\u00f3ximo 15 de noviembre dejar\u00e1 la fiscal\u00eda.<\/p>\n<p style=\"text-align: justify;\">\u00abEste d\u00eda, y tomando una decisi\u00f3n estrictamente personal y familiar, he decidido presentar mi renuncia irrevocable al honorable Congreso del estado de Guerrero al cargo de fiscal general del estado, mismo que vengo desempe\u00f1ando desde el 15 de mayo de 2018, para que surta sus efectos a partir del d\u00eda 15 de noviembre del a\u00f1o en curso\u00bb, escribi\u00f3.<\/p>\n<p style=\"text-align: justify;\">Jorge Zuriel de los Santos Barrila agradeci\u00f3 a la gobernadora, Evelyn Salgado, por haberlo respaldado para la continuidad en el cargo, pese a que su designaci\u00f3n se realiz\u00f3 bajo la administraci\u00f3n del priista H\u00e9ctor Astudillo.<\/p>\n<p style=\"text-align: justify;\">\u00abHe contado en todo momento con su apoyo personal e institucional para poder desempe\u00f1ar mis funciones\u00bb, agreg\u00f3. Asimismo, agradeci\u00f3 a todas las personas que colaboraron con \u00e9l.<\/p>\n<p style=\"text-align: justify;\">Afirm\u00f3 que en los tres a\u00f1os y medio que ejerci\u00f3 el cargo le cumpli\u00f3 a la ciudadan\u00eda y logr\u00f3 disminuir los \u00edndices de inseguridad y violencia.<\/p>\n<p style=\"text-align: justify;\">\u00abMe separo de este encargo con la satisfacci\u00f3n de que Guerrero mejor\u00f3 considerablemente en sus indicadores delictivos, principalmente en homicidio, feminicidio y particularmente en secuestro. Seguir\u00e9 siempre deseando lo mejor para Guerrero, y desde el espacio en que me encuentre como ciudadano, seguir\u00e9 abonando al desarrollo de nuestro estado\u00bb, expres\u00f3.<\/p>\n<p style=\"text-align: justify;\">De 2018 a septiembre de este a\u00f1o, Guerrero acumula 6,798 homicidios dolosos y 76 feminicidios, de acuerdo con el Secretariado Ejecutivo del Sistema Nacional de Seguridad P\u00fablica (SESNSP).<\/p>\n<p style=\"text-align: justify;\">Aunque las cifras oficiales muestran que, en efecto, hubo una disminuci\u00f3n en los asesinatos, al pasar de 2,470 en 2018 a 1,434 en 2020, a lo largo de este a\u00f1o se registra un ligero aumento con 1,020 homicidios dolosos en los primeros nueve meses.<\/p>\n<p style=\"text-align: justify;\">A finales de 2020, la fiscal\u00eda se vio obligada a reabrir una carpeta de investigaci\u00f3n, e iniciar una nueva, por dos casos de abuso sexual en los que el acusado es F\u00e9lix Salgado Macedonio, pap\u00e1 de Evelyn Salgado y quien entonces era candidato al gobierno de Guerrero.<\/p>\n<p style=\"text-align: justify;\">Esto, luego de las denuncias p\u00fablicas en contra del senador de Morena y de que el exfiscal del estado, Javier Olea Pel\u00e1ez, declar\u00f3 que cuando \u00e9l ocup\u00f3 el cargo tuvo conocimiento de la primera carpeta de investigaci\u00f3n, pero hubo encubrimiento al respecto.<\/p>\n<p style=\"text-align: justify;\">La indagatoria contra Salgado Macedonio no prosper\u00f3, tampoco la investigaci\u00f3n que la fiscal\u00eda del estado abri\u00f3 contra Olea Pel\u00e1ez por al menos tres delitos: sustracci\u00f3n de documentos oficiales de la instituci\u00f3n, la difusi\u00f3n del contenido de una carpeta de investigaci\u00f3n y la omisi\u00f3n en el cumplimiento de su responsabilidad legal.<\/p>\n<p>Jorge Zuriel de los Santos asumi\u00f3 el cargo el 15 de mayo de 2018 por mayor\u00eda de votos del Congreso de Guerrero, quien lo eleigi\u00f3 por seis a\u00f1os improrrogables, es decir, hasta el a\u00f1os 2024.<\/p>\n","protected":false},"excerpt":{"rendered":"<p>\u00bb Melissa Galv\u00e1n ] CIUDAD DE M\u00c9XICO. * 28 de octubre de 2021. ) Expaansi\u00f3n. Melissa Galv\u00e1n El fiscal general de Guerrero, Jorge Zuriel de los Santos Barrila, inform\u00f3 este jueves que present\u00f3 su renuncia ante el Congreso local. En su cuenta de Facebook, el funcionario guerrerense indic\u00f3 que el motivo de su dimisi\u00f3n es&#8230;<\/p>\n","protected":false},"author":2,"featured_media":1233906,"comment_status":"closed","ping_status":"closed","sticky":false,"template":"","format":"standard","meta":{"footnotes":""},"categories":[1997],"tags":[8703,10946,14737],"class_list":["post-1233913","post","type-post","status-publish","format-standard","has-post-thumbnail","hentry","category-noticias-destacadas","tag-fiscalia-general-del-estado-de-guerrero-fge","tag-jorge-zuriel-de-los-santos-barrila","tag-policia-ministerial-de-guerrero"],"_links":{"self":[{"href":"https:\/\/www.acapulcopress.com\/index.php\/wp-json\/wp\/v2\/posts\/1233913","targetHints":{"allow":["GET"]}}],"collection":[{"href":"https:\/\/www.acapulcopress.com\/index.php\/wp-json\/wp\/v2\/posts"}],"about":[{"href":"https:\/\/www.acapulcopress.com\/index.php\/wp-json\/wp\/v2\/types\/post"}],"author":[{"embeddable":true,"href":"https:\/\/www.acapulcopress.com\/index.php\/wp-json\/wp\/v2\/users\/2"}],"replies":[{"embeddable":true,"href":"https:\/\/www.acapulcopress.com\/index.php\/wp-json\/wp\/v2\/comments?post=1233913"}],"version-history":[{"count":0,"href":"https:\/\/www.acapulcopress.com\/index.php\/wp-json\/wp\/v2\/posts\/1233913\/revisions"}],"wp:featuredmedia":[{"embeddable":true,"href":"https:\/\/www.acapulcopress.com\/index.php\/wp-json\/"}],"wp:attachment":[{"href":"https:\/\/www.acapulcopress.com\/index.php\/wp-json\/wp\/v2\/media?parent=1233913"}],"wp:term":[{"taxonomy":"category","embeddable":true,"href":"https:\/\/www.acapulcopress.com\/index.php\/wp-json\/wp\/v2\/categories?post=1233913"},{"taxonomy":"post_tag","embeddable":true,"href":"https:\/\/www.acapulcopress.com\/index.php\/wp-json\/wp\/v2\/tags?post=1233913"}],"curies":[{"name":"wp","href":"https:\/\/api.w.org\/{rel}","templated":true}]}}