{"id":1233920,"date":"2021-10-28T21:47:50","date_gmt":"2021-10-29T02:47:50","guid":{"rendered":"https:\/\/www.acapulco.press\/?p=1233920"},"modified":"2021-10-28T21:47:50","modified_gmt":"2021-10-29T02:47:50","slug":"titular-de-sep-recibe-a-marcial-rodriguez-y-su-equipo-de-trabajo","status":"publish","type":"post","link":"https:\/\/www.acapulcopress.com\/index.php\/2021\/10\/28\/titular-de-sep-recibe-a-marcial-rodriguez-y-su-equipo-de-trabajo\/","title":{"rendered":"Titular de SEP recibe a Marcial Rodr\u00edguez y su equipo de trabajo"},"content":{"rendered":"<p style=\"text-align: justify;\">CIUDAD DE M\u00c9XICO * 28 de octubre de 2021.<br \/>\n<em>] Especial.<\/em><br \/>\nDelfina Gomez \u00c1lvarez, secretaria de Educaci\u00f3n P\u00fablica del gobierno federal, recibi\u00f3 en sus oficinas al Dr. Marcial Rodr\u00edguez Salda\u00f1a, secretario de Educaci\u00f3n en Guerrero, y a su equipo de trabajo, con el objetivo de continuar las actividades de coordinaci\u00f3n para mejorar la educaci\u00f3n en el Estado.<\/p>\n<p style=\"text-align: justify;\">El titular de la SEG agradeci\u00f3 la gran disposici\u00f3n de la secretaria de Educaci\u00f3n federal de atender los distintos temas educativos en Guerrero para que, en breve, se dise\u00f1e un programa integral de transformaci\u00f3n de la educaci\u00f3n en la entidad suriana en favor de las ni\u00f1as, ni\u00f1os, adolescentes, j\u00f3venes y adultos<\/p>\n","protected":false},"excerpt":{"rendered":"<p>CIUDAD DE M\u00c9XICO * 28 de octubre de 2021. ] Especial. Delfina Gomez \u00c1lvarez, secretaria de Educaci\u00f3n P\u00fablica del gobierno federal, recibi\u00f3 en sus oficinas al Dr. Marcial Rodr\u00edguez Salda\u00f1a, secretario de Educaci\u00f3n en Guerrero, y a su equipo de trabajo, con el objetivo de continuar las actividades de coordinaci\u00f3n para mejorar la educaci\u00f3n en&#8230;<\/p>\n","protected":false},"author":2,"featured_media":1233921,"comment_status":"closed","ping_status":"closed","sticky":false,"template":"","format":"standard","meta":{"footnotes":""},"categories":[1969,2081],"tags":[7040,12457,16171],"class_list":["post-1233920","post","type-post","status-publish","format-standard","has-post-thumbnail","hentry","category-trending","category-seg","tag-delfina-gomez-alvarez","tag-marcial-rodriguez-saldana","tag-secretaria-de-educacion-publica-sep"],"_links":{"self":[{"href":"https:\/\/www.acapulcopress.com\/index.php\/wp-json\/wp\/v2\/posts\/1233920","targetHints":{"allow":["GET"]}}],"collection":[{"href":"https:\/\/www.acapulcopress.com\/index.php\/wp-json\/wp\/v2\/posts"}],"about":[{"href":"https:\/\/www.acapulcopress.com\/index.php\/wp-json\/wp\/v2\/types\/post"}],"author":[{"embeddable":true,"href":"https:\/\/www.acapulcopress.com\/index.php\/wp-json\/wp\/v2\/users\/2"}],"replies":[{"embeddable":true,"href":"https:\/\/www.acapulcopress.com\/index.php\/wp-json\/wp\/v2\/comments?post=1233920"}],"version-history":[{"count":0,"href":"https:\/\/www.acapulcopress.com\/index.php\/wp-json\/wp\/v2\/posts\/1233920\/revisions"}],"wp:featuredmedia":[{"embeddable":true,"href":"https:\/\/www.acapulcopress.com\/index.php\/wp-json\/"}],"wp:attachment":[{"href":"https:\/\/www.acapulcopress.com\/index.php\/wp-json\/wp\/v2\/media?parent=1233920"}],"wp:term":[{"taxonomy":"category","embeddable":true,"href":"https:\/\/www.acapulcopress.com\/index.php\/wp-json\/wp\/v2\/categories?post=1233920"},{"taxonomy":"post_tag","embeddable":true,"href":"https:\/\/www.acapulcopress.com\/index.php\/wp-json\/wp\/v2\/tags?post=1233920"}],"curies":[{"name":"wp","href":"https:\/\/api.w.org\/{rel}","templated":true}]}}