{"id":1233930,"date":"2021-10-29T23:08:19","date_gmt":"2021-10-30T04:08:19","guid":{"rendered":"https:\/\/www.acapulco.press\/?p=1233930"},"modified":"2021-10-29T23:08:19","modified_gmt":"2021-10-30T04:08:19","slug":"la-miopia-politica-de-abelina","status":"publish","type":"post","link":"https:\/\/www.acapulcopress.com\/index.php\/2021\/10\/29\/la-miopia-politica-de-abelina\/","title":{"rendered":"La miop\u00eda pol\u00edtica de Abelina"},"content":{"rendered":"<p style=\"text-align: justify;\">Tercera V\u00eda<br \/>\n]<strong> Ernesto Rivera Rodr\u00edguez.<\/strong><\/p>\n<p style=\"text-align: justify;\">Abelina pens\u00f3 que la alcald\u00eda de Acapulco le hab\u00eda ca\u00eddo \u00abcomo anillo al dedo\u00bb, pero la realidad es que tiene la \u00absoga al cuello\u00bb. Su enfrentamiento con la prensa a sido la gota que derrama el vaso de su incompetencia.<\/p>\n<p style=\"text-align: justify;\">Gritar tras el cubrebocas \u00abTomen la nota ah\u00ed\u00bb!!! escud\u00e1ndose en el pueblo, al que periodistas de por medio, pregunt\u00f3, c\u00f3mo Herodes al populacho, \u00abQu\u00e9 opinan de la prensa\u00bb!!! Zazzz. C\u00f3mo si el pueblo leyera peri\u00f3dicos&#8230;ni los que encuentran al desenvoler la verdura.<\/p>\n<p style=\"text-align: justify;\">La inseguridad galopante en esta semana que termina, el haber asegurado que el asesinato del conductor de un urbano en plena Costera, frente a la Gran Plaza, \u00abera un asunto de camioneros\u00bb y ella No ten\u00eda que ver nada en temas de esa naturaleza demuestran su falta total de sentido com\u00fan, que como alcaldesa debe hacer frente y no esconder como las avestruz y mucho menos \u00abespetar\u00bb a los medios del ruido que hacen por ello, y todav\u00eda poner a Canc\u00fan como ejemplo del silencio que guarda la prensa sobre asuntos de violencia para proteger al turismo. Adem\u00e1s con ello demuestra su falta de informaci\u00f3n. Las planas y columnas de los medios impresos y digitales de Canc\u00fan muestran claramente la situaci\u00f3n de violencia que vive ese destino tur\u00edstico del Caribe mexicano.<\/p>\n<p style=\"text-align: justify;\">Abelina durante cerca de 20 a\u00f1os a usado a la prensa para divulgar su oficio de gestor\u00eda&#8230;desde su primera funci\u00f3n p\u00fablica como regidora en el trienio del contador Zeferino Torreblanca Galindo, qui\u00e9n fue su impulsor, posteriormente como diputada local, ten\u00eda y llamaba a la prensa, as\u00ed como diputada federal, la prensa le proporcionaba espacios, en todos los medios habidos y por haber.<\/p>\n<p style=\"text-align: justify;\">Hoy que est\u00e1 del otro lado de \u00abla barra\u00bb a sacado las u\u00f1as, su soberbia incapaz de iniciar su administraci\u00f3n sin hecharle la culpa al pasado, igualito que su jefe pol\u00edtico e inquilino del Palacio Nacional.<\/p>\n<p style=\"text-align: justify;\">Al no mentir, no enga\u00f1ar y no robar que est\u00e1 muy lejos de ser real, debe aumentarse el No ser incompetente, arrogante, soberbio, respetar a los medios y ponerse en serio a trabajar que esta ciudad y municipio requiere de mucha fuerza, los votos aqu\u00ed ya no funcionan, c\u00f3mo se advierte tampoco hasta hoy la cacareada 4t&#8230; as\u00ed con min\u00fasculas.<\/p>\n<p style=\"text-align: justify;\">Abelina cuenta adem\u00e1s con un in\u00fatil equipo de comunicaci\u00f3n social, al frente del cual est\u00e1 un joven de nombre Octavio Le\u00f3n, un total biso\u00f1o que cualquier reportero que escucho los reclamos de su jefa, le dan las buenas y las malas&#8230;<\/p>\n<p style=\"text-align: justify;\">La ciudad literalmente est\u00e1 divida en mil pedazos en sus calles y avenidas, destrozadas por obras y colapsadas por la enorme cantidad de lluvia que cay\u00f3 en los \u00faltimos d\u00edas, con una sociedad enardecida, enojada y hasta encabronada por la falta de servicios, que es hasta ocioso mencionarlos.<\/p>\n<p style=\"text-align: justify;\">No sabemos si el Marino Paracaidista que le \u00abcay\u00f3 del cielo\u00bb vaya a resolver un poco los problemas de la polic\u00eda vial&#8230; que No de la violencia,\u00a0 esperemos que as\u00ed sea, en tanto, la alcaldesa Abelina sigue propagando al que la quiera escuchar que los medios son los responsables de la mala imagen que el turismo percibe de este maravilloso destino tur\u00edstico que hoy se encuentra en manos de gente que antes estuvo enfrente de la barra.<\/p>\n<div style=\"width: 640px;\" class=\"wp-video\"><video class=\"wp-video-shortcode\" id=\"video-1233930-1\" width=\"640\" height=\"352\" preload=\"metadata\" controls=\"controls\"><source type=\"video\/mp4\" src=\"https:\/\/www.acapulco.press\/wp-content\/uploads\/2021\/10\/ABELINA-SOBERBIA.mp4?_=1\" \/><a href=\"https:\/\/www.acapulco.press\/wp-content\/uploads\/2021\/10\/ABELINA-SOBERBIA.mp4\">https:\/\/www.acapulco.press\/wp-content\/uploads\/2021\/10\/ABELINA-SOBERBIA.mp4<\/a><\/video><\/div>\n","protected":false},"excerpt":{"rendered":"<p>Tercera V\u00eda ] Ernesto Rivera Rodr\u00edguez. Abelina pens\u00f3 que la alcald\u00eda de Acapulco le hab\u00eda ca\u00eddo \u00abcomo anillo al dedo\u00bb, pero la realidad es que tiene la \u00absoga al cuello\u00bb. Su enfrentamiento con la prensa a sido la gota que derrama el vaso de su incompetencia. Gritar tras el cubrebocas \u00abTomen la nota ah\u00ed\u00bb!!! escud\u00e1ndose&#8230;<\/p>\n","protected":false},"author":2,"featured_media":1233932,"comment_status":"closed","ping_status":"closed","sticky":false,"template":"","format":"standard","meta":{"footnotes":""},"categories":[2071,1991],"tags":[3075,8063,17071],"class_list":["post-1233930","post","type-post","status-publish","format-standard","has-post-thumbnail","hentry","category-opinion-analisis-columnas","category-libertad-de-expresion","tag-abelina-lopez","tag-ernesto-rivera-rodriguez","tag-tercera-via"],"_links":{"self":[{"href":"https:\/\/www.acapulcopress.com\/index.php\/wp-json\/wp\/v2\/posts\/1233930","targetHints":{"allow":["GET"]}}],"collection":[{"href":"https:\/\/www.acapulcopress.com\/index.php\/wp-json\/wp\/v2\/posts"}],"about":[{"href":"https:\/\/www.acapulcopress.com\/index.php\/wp-json\/wp\/v2\/types\/post"}],"author":[{"embeddable":true,"href":"https:\/\/www.acapulcopress.com\/index.php\/wp-json\/wp\/v2\/users\/2"}],"replies":[{"embeddable":true,"href":"https:\/\/www.acapulcopress.com\/index.php\/wp-json\/wp\/v2\/comments?post=1233930"}],"version-history":[{"count":0,"href":"https:\/\/www.acapulcopress.com\/index.php\/wp-json\/wp\/v2\/posts\/1233930\/revisions"}],"wp:featuredmedia":[{"embeddable":true,"href":"https:\/\/www.acapulcopress.com\/index.php\/wp-json\/"}],"wp:attachment":[{"href":"https:\/\/www.acapulcopress.com\/index.php\/wp-json\/wp\/v2\/media?parent=1233930"}],"wp:term":[{"taxonomy":"category","embeddable":true,"href":"https:\/\/www.acapulcopress.com\/index.php\/wp-json\/wp\/v2\/categories?post=1233930"},{"taxonomy":"post_tag","embeddable":true,"href":"https:\/\/www.acapulcopress.com\/index.php\/wp-json\/wp\/v2\/tags?post=1233930"}],"curies":[{"name":"wp","href":"https:\/\/api.w.org\/{rel}","templated":true}]}}