{"id":1233940,"date":"2021-10-29T23:46:41","date_gmt":"2021-10-30T04:46:41","guid":{"rendered":"https:\/\/www.acapulco.press\/?p=1233940"},"modified":"2021-10-29T23:46:41","modified_gmt":"2021-10-30T04:46:41","slug":"filarmonica-de-acapulco-inaugura-expo-feria-teloloapan-2021","status":"publish","type":"post","link":"https:\/\/www.acapulcopress.com\/index.php\/2021\/10\/29\/filarmonica-de-acapulco-inaugura-expo-feria-teloloapan-2021\/","title":{"rendered":"Filarm\u00f3nica de Acapulco inaugura Expo Feria Teloloapan 2021"},"content":{"rendered":"<p><img loading=\"lazy\" decoding=\"async\" class=\"alignnone wp-image-1233942 size-large\" src=\"https:\/\/www.acapulco.press\/wp-content\/uploads\/2021\/10\/OFA-Teloloapan2-840x679.jpg\" alt=\"\" width=\"840\" height=\"679\" \/><\/p>\n<p style=\"text-align: justify;\">] TELOLOAPAN * 29 de octubre de 2021.<br \/>\n<em>) Secultura.<\/em><br \/>\n\u00abTodos juntos vamos a transformar la cultura en Guerrero, es un compromiso de nuestra Gobernadora Evelyn Cecia Salgado Pineda, su apoyo y gesti\u00f3n est\u00e1 presente en esta Expo Feria Teloloapan\u00bb, expres\u00f3 la secretaria de Cultura de Guerrero,\u00a0 Aida Melina Mart\u00ednez Rebolledo, quien, acompa\u00f1ada de Zulma Carvajal Salgado, coordinadora regional de Secultura en la Zona Norte, asisti\u00f3 este viernes al concierto de inauguraci\u00f3n de la Expo Feria Teloloapan 2021 que ofreci\u00f3 la Orquesta Filarm\u00f3nica de Acapulco bajo la batuta de su fundador, Eduardo \u00c1lvarez.<\/p>\n<p style=\"text-align: justify;\">Encabezados por su presidente municipal, Homero Hurtado Flores, los habitantes de Teloloapan disfrutaron en el Teatro del Pueblo la m\u00fasica de Guerrero interpretada por la OFA, quien incluy\u00f3 en su repertorio \u00abPor los Caminos del Sur\u00bb, \u00abFeria Chilpancingue\u00f1a\u00bb, \u00abOmetepec\u00bb, \u00abR\u00edo Azul\u00bb, \u00abAdi\u00f3s Acapulco\u00bb, \u00abHuapango\u00bb, de Jos\u00e9 Pablo Moncayo, y \u00abTeloloapan\u00bb, entre otros temas.<\/p>\n<p style=\"text-align: justify;\"><img loading=\"lazy\" decoding=\"async\" class=\"alignleft wp-image-1233944 size-large\" src=\"https:\/\/www.acapulco.press\/wp-content\/uploads\/2021\/10\/OFA-Teloloapan4-840x630.jpg\" alt=\"\" width=\"840\" height=\"630\" \/><\/p>\n<p style=\"text-align: justify;\"><img loading=\"lazy\" decoding=\"async\" class=\"alignnone wp-image-1233941 size-large\" src=\"https:\/\/www.acapulco.press\/wp-content\/uploads\/2021\/10\/OFA-Teloloapan-840x630.jpg\" alt=\"\" width=\"840\" height=\"630\" \/><\/p>\n","protected":false},"excerpt":{"rendered":"<p>] TELOLOAPAN * 29 de octubre de 2021. ) Secultura. \u00abTodos juntos vamos a transformar la cultura en Guerrero, es un compromiso de nuestra Gobernadora Evelyn Cecia Salgado Pineda, su apoyo y gesti\u00f3n est\u00e1 presente en esta Expo Feria Teloloapan\u00bb, expres\u00f3 la secretaria de Cultura de Guerrero,\u00a0 Aida Melina Mart\u00ednez Rebolledo, quien, acompa\u00f1ada de Zulma&#8230;<\/p>\n","protected":false},"author":2,"featured_media":1233943,"comment_status":"closed","ping_status":"closed","sticky":false,"template":"","format":"standard","meta":{"footnotes":""},"categories":[1972,2058,1988],"tags":[2160,2207,2223,2278,2290,2308,3418,7581,8241,8292,9820,13950,14057],"class_list":["post-1233940","post","type-post","status-publish","format-standard","has-post-thumbnail","hentry","category-special","category-festivales-y-tradiciones","category-lifestyles","tag-adios-acapulco","tag-feria-chilpancinguena","tag-huapango","tag-por-los-caminos-del-sur","tag-rio-azul","tag-teloloapan","tag-aida-melina-martinez-rebolledo","tag-eduardo-alvarez","tag-evelyn-cecia-salgado-pineda","tag-expo-feria-teloloapan-2021","tag-homero-hurtado-flores","tag-ometepec","tag-orquesta-filarmonica-de-acapulco"],"_links":{"self":[{"href":"https:\/\/www.acapulcopress.com\/index.php\/wp-json\/wp\/v2\/posts\/1233940","targetHints":{"allow":["GET"]}}],"collection":[{"href":"https:\/\/www.acapulcopress.com\/index.php\/wp-json\/wp\/v2\/posts"}],"about":[{"href":"https:\/\/www.acapulcopress.com\/index.php\/wp-json\/wp\/v2\/types\/post"}],"author":[{"embeddable":true,"href":"https:\/\/www.acapulcopress.com\/index.php\/wp-json\/wp\/v2\/users\/2"}],"replies":[{"embeddable":true,"href":"https:\/\/www.acapulcopress.com\/index.php\/wp-json\/wp\/v2\/comments?post=1233940"}],"version-history":[{"count":0,"href":"https:\/\/www.acapulcopress.com\/index.php\/wp-json\/wp\/v2\/posts\/1233940\/revisions"}],"wp:featuredmedia":[{"embeddable":true,"href":"https:\/\/www.acapulcopress.com\/index.php\/wp-json\/"}],"wp:attachment":[{"href":"https:\/\/www.acapulcopress.com\/index.php\/wp-json\/wp\/v2\/media?parent=1233940"}],"wp:term":[{"taxonomy":"category","embeddable":true,"href":"https:\/\/www.acapulcopress.com\/index.php\/wp-json\/wp\/v2\/categories?post=1233940"},{"taxonomy":"post_tag","embeddable":true,"href":"https:\/\/www.acapulcopress.com\/index.php\/wp-json\/wp\/v2\/tags?post=1233940"}],"curies":[{"name":"wp","href":"https:\/\/api.w.org\/{rel}","templated":true}]}}