{"id":1233951,"date":"2021-10-30T00:03:21","date_gmt":"2021-10-30T05:03:21","guid":{"rendered":"https:\/\/www.acapulco.press\/?p=1233951"},"modified":"2021-10-30T00:03:21","modified_gmt":"2021-10-30T05:03:21","slug":"ministeriales-localizan-a-menos-extraviada-en-chilpancingo","status":"publish","type":"post","link":"https:\/\/www.acapulcopress.com\/index.php\/2021\/10\/30\/ministeriales-localizan-a-menos-extraviada-en-chilpancingo\/","title":{"rendered":"Ministeriales localizan a menos extraviada en Chilpancingo"},"content":{"rendered":"<p>CHILPANCINGO * 29 de octubre de 2021.<br \/>\n) FGE.<br \/>\nAgentes Ministeriales localizaron a la menor Diana Estefan\u00eda \u00c1lvarez de 14 a\u00f1os de edad, originaria de Chilpancingo de los Bravo.<\/p>\n<p>La Fiscal\u00eda General del Estado refrenda su compromiso con todas y todos los guerrerenses.<\/p>\n<p><img loading=\"lazy\" decoding=\"async\" class=\"alignnone wp-image-1233952\" src=\"https:\/\/www.acapulco.press\/wp-content\/uploads\/2021\/10\/FGE-LOCALIZADA.jpg\" alt=\"\" width=\"840\" height=\"702\" \/><\/p>\n","protected":false},"excerpt":{"rendered":"<p>CHILPANCINGO * 29 de octubre de 2021. ) FGE. Agentes Ministeriales localizaron a la menor Diana Estefan\u00eda \u00c1lvarez de 14 a\u00f1os de edad, originaria de Chilpancingo de los Bravo. La Fiscal\u00eda General del Estado refrenda su compromiso con todas y todos los guerrerenses.<\/p>\n","protected":false},"author":2,"featured_media":1233952,"comment_status":"closed","ping_status":"closed","sticky":false,"template":"","format":"standard","meta":{"footnotes":""},"categories":[1969,2005],"tags":[],"class_list":["post-1233951","post","type-post","status-publish","format-standard","has-post-thumbnail","hentry","category-trending","category-seguridad-y-justicia"],"_links":{"self":[{"href":"https:\/\/www.acapulcopress.com\/index.php\/wp-json\/wp\/v2\/posts\/1233951","targetHints":{"allow":["GET"]}}],"collection":[{"href":"https:\/\/www.acapulcopress.com\/index.php\/wp-json\/wp\/v2\/posts"}],"about":[{"href":"https:\/\/www.acapulcopress.com\/index.php\/wp-json\/wp\/v2\/types\/post"}],"author":[{"embeddable":true,"href":"https:\/\/www.acapulcopress.com\/index.php\/wp-json\/wp\/v2\/users\/2"}],"replies":[{"embeddable":true,"href":"https:\/\/www.acapulcopress.com\/index.php\/wp-json\/wp\/v2\/comments?post=1233951"}],"version-history":[{"count":0,"href":"https:\/\/www.acapulcopress.com\/index.php\/wp-json\/wp\/v2\/posts\/1233951\/revisions"}],"wp:featuredmedia":[{"embeddable":true,"href":"https:\/\/www.acapulcopress.com\/index.php\/wp-json\/"}],"wp:attachment":[{"href":"https:\/\/www.acapulcopress.com\/index.php\/wp-json\/wp\/v2\/media?parent=1233951"}],"wp:term":[{"taxonomy":"category","embeddable":true,"href":"https:\/\/www.acapulcopress.com\/index.php\/wp-json\/wp\/v2\/categories?post=1233951"},{"taxonomy":"post_tag","embeddable":true,"href":"https:\/\/www.acapulcopress.com\/index.php\/wp-json\/wp\/v2\/tags?post=1233951"}],"curies":[{"name":"wp","href":"https:\/\/api.w.org\/{rel}","templated":true}]}}