{"id":1233959,"date":"2021-10-30T00:36:44","date_gmt":"2021-10-30T05:36:44","guid":{"rendered":"https:\/\/www.acapulco.press\/?p=1233959"},"modified":"2021-10-30T00:36:44","modified_gmt":"2021-10-30T05:36:44","slug":"gilberto-solano-pone-en-marcha-operativo-fin-de-semana-largo-y-dia-de-muertos","status":"publish","type":"post","link":"https:\/\/www.acapulcopress.com\/index.php\/2021\/10\/30\/gilberto-solano-pone-en-marcha-operativo-fin-de-semana-largo-y-dia-de-muertos\/","title":{"rendered":"Gilberto Solano pone en marcha operativo &#8216;Fin de Semana Largo y D\u00eda de Muertos&#8217;"},"content":{"rendered":"<p style=\"text-align: justify;\">TLAPA DE COMONFORT * 29 de octubre de 2021.<br \/>\n<em>) Gobierno de Tlapa.<\/em><br \/>\n<img loading=\"lazy\" decoding=\"async\" class=\"alignleft size-medium wp-image-1233960\" src=\"https:\/\/www.acapulco.press\/wp-content\/uploads\/2021\/10\/TLAPA-OPERATIVO-375x211.jpeg\" alt=\"\" width=\"375\" height=\"211\" \/>El presidente municipal de Tlapa de Comonfort, Gilberto Solano Arreaga, encabez\u00f3 el banderazo de arranque del operativo de seguridad &#8216;Fin de Semana Largo y D\u00eda de Muertos&#8217;, en el que participa la Polic\u00eda y Tr\u00e1nsito Municipal y Estatal, as\u00ed como Guardia Nacional.<\/p>\n<p style=\"text-align: justify;\">El objeto es vigilar a lo largo y ancho del municipio para evitar actos delictivos y salvaguardar la integridad de la ciudadan\u00eda, teniendo en cuenta que se desarrollar\u00e1 un gran n\u00famero de actividades a partir de este viernes.<\/p>\n<p style=\"text-align: justify;\">El primer presidente ind\u00edgena de Tlapa coment\u00f3 que se preocupa y ocupa de la seguridad de la ciudadan\u00eda, uno de los temas prioritarios de su gobierno, sobre todo, en v\u00edsperas del D\u00eda de Muertos, cuando la gente sale a los panteones a visitar a sus difuntos.<\/p>\n<p style=\"text-align: justify;\"><img loading=\"lazy\" decoding=\"async\" class=\"alignleft size-medium wp-image-1233962\" src=\"https:\/\/www.acapulco.press\/wp-content\/uploads\/2021\/10\/TLAPA-OPERATIVO3-375x211.jpeg\" alt=\"\" width=\"375\" height=\"211\" \/>Por ello la importancia de este dispositivo, el cual se mantendr\u00e1 muy al pendiente de los panteones y sus inmediaciones hasta el 2 de noviembre.<\/p>\n<p style=\"text-align: justify;\">Adem\u00e1s, Solano Arreaga inform\u00f3 que est\u00e1n en estrecha colaboraci\u00f3n con el Gobierno del Estado, con la intenci\u00f3n de generar mejores condiciones y mayor certeza a la sociedad en el tema de la seguridad p\u00fablica.<\/p>\n<p style=\"text-align: justify;\">\u00abEsta una actividad que estamos trabajando en coordinaci\u00f3n con el Gobierno Estatal, que encabeza la gobernadora Evelyn Salgado Pineda, quien ha mostrado su disposici\u00f3n de ayudar y de trabajar con los municpios para que prevalezca el estado de derecho\u00bb.<\/p>\n","protected":false},"excerpt":{"rendered":"<p>TLAPA DE COMONFORT * 29 de octubre de 2021. ) Gobierno de Tlapa. El presidente municipal de Tlapa de Comonfort, Gilberto Solano Arreaga, encabez\u00f3 el banderazo de arranque del operativo de seguridad &#8216;Fin de Semana Largo y D\u00eda de Muertos&#8217;, en el que participa la Polic\u00eda y Tr\u00e1nsito Municipal y Estatal, as\u00ed como Guardia Nacional&#8230;.<\/p>\n","protected":false},"author":2,"featured_media":1233961,"comment_status":"closed","ping_status":"closed","sticky":false,"template":"","format":"standard","meta":{"footnotes":""},"categories":[1972,18589,18561],"tags":[9199,9321],"class_list":["post-1233959","post","type-post","status-publish","format-standard","has-post-thumbnail","hentry","category-special","category-gobierno-de-tlapa","category-society-politics","tag-gilberto-solano-arreaga","tag-gobierno-de-tlapa"],"_links":{"self":[{"href":"https:\/\/www.acapulcopress.com\/index.php\/wp-json\/wp\/v2\/posts\/1233959","targetHints":{"allow":["GET"]}}],"collection":[{"href":"https:\/\/www.acapulcopress.com\/index.php\/wp-json\/wp\/v2\/posts"}],"about":[{"href":"https:\/\/www.acapulcopress.com\/index.php\/wp-json\/wp\/v2\/types\/post"}],"author":[{"embeddable":true,"href":"https:\/\/www.acapulcopress.com\/index.php\/wp-json\/wp\/v2\/users\/2"}],"replies":[{"embeddable":true,"href":"https:\/\/www.acapulcopress.com\/index.php\/wp-json\/wp\/v2\/comments?post=1233959"}],"version-history":[{"count":0,"href":"https:\/\/www.acapulcopress.com\/index.php\/wp-json\/wp\/v2\/posts\/1233959\/revisions"}],"wp:featuredmedia":[{"embeddable":true,"href":"https:\/\/www.acapulcopress.com\/index.php\/wp-json\/"}],"wp:attachment":[{"href":"https:\/\/www.acapulcopress.com\/index.php\/wp-json\/wp\/v2\/media?parent=1233959"}],"wp:term":[{"taxonomy":"category","embeddable":true,"href":"https:\/\/www.acapulcopress.com\/index.php\/wp-json\/wp\/v2\/categories?post=1233959"},{"taxonomy":"post_tag","embeddable":true,"href":"https:\/\/www.acapulcopress.com\/index.php\/wp-json\/wp\/v2\/tags?post=1233959"}],"curies":[{"name":"wp","href":"https:\/\/api.w.org\/{rel}","templated":true}]}}