{"id":1233968,"date":"2021-10-30T00:51:00","date_gmt":"2021-10-30T05:51:00","guid":{"rendered":"https:\/\/www.acapulco.press\/?p=1233968"},"modified":"2021-10-30T00:51:00","modified_gmt":"2021-10-30T05:51:00","slug":"supervisa-solano-seguridad-limpieza-y-sanitizacion-de-panteones-de-tlapa","status":"publish","type":"post","link":"https:\/\/www.acapulcopress.com\/index.php\/2021\/10\/30\/supervisa-solano-seguridad-limpieza-y-sanitizacion-de-panteones-de-tlapa\/","title":{"rendered":"Supervisa Solano seguridad, limpieza y sanitizaci\u00f3n de panteones de Tlapa"},"content":{"rendered":"<p style=\"text-align: justify;\">TLAPA DE COMONFORT * 29 de octubre de 2021.<br \/>\n<em>) Gobierno de Tlapa.<\/em><br \/>\nEste viernes el Ayuntamiento de Tlapa inici\u00f3 con el \u201cOperativo de D\u00eda Muertos\u201d, en el cual participaron la Secretar\u00eda de Seguridad Ciudadana, Tr\u00e1nsito y Vialidad, as\u00ed como Protecci\u00f3n Civil Municipal y Estatal.<\/p>\n<p style=\"text-align: justify;\">El presidente municipal, Gilberto Solano Arreaga, instruy\u00f3 al personal operativo que a partir de este 29 dd octubre hasta el 2 de noviembre se mantenga en guardia y recorridos constantes en todos los panteones de la ciudad, con la finalidad de prevenir accidentes en esta temporada.<\/p>\n<p style=\"text-align: justify;\">Esta ma\u00f1ana y tarde, acompa\u00f1ado de personal de Limpia y Vectores de Salud Municipal, Solano Arreaga visit\u00f3 cada uno de los panteones, en donde supervis\u00f3 la limpieza, sanitizaci\u00f3n y abatizaci\u00f3n de \u00e9stos.<\/p>\n<p style=\"text-align: justify;\">Primero, visit\u00f3 el pante\u00f3n de la colonia Caltitl\u00e1n, en donde inform\u00f3 que se realiz\u00f3 la rehabilitaci\u00f3n de la entrada y la parte de afuera.<\/p>\n<p style=\"text-align: justify;\">Posteriormente visit\u00f3 el de San Diego y culmin\u00f3 en el Tepeyac, donde anunci\u00f3 mejoras en sus fachadas.<\/p>\n<p style=\"text-align: justify;\">Finalmente, el presidente coment\u00f3 que todos los panteones ya cuentan con su toma de agua potable propia, para el uso de los visitantes durante esta temporada.<\/p>\n\n","protected":false},"excerpt":{"rendered":"<p>TLAPA DE COMONFORT * 29 de octubre de 2021. ) Gobierno de Tlapa. Este viernes el Ayuntamiento de Tlapa inici\u00f3 con el \u201cOperativo de D\u00eda Muertos\u201d, en el cual participaron la Secretar\u00eda de Seguridad Ciudadana, Tr\u00e1nsito y Vialidad, as\u00ed como Protecci\u00f3n Civil Municipal y Estatal. El presidente municipal, Gilberto Solano Arreaga, instruy\u00f3 al personal operativo&#8230;<\/p>\n","protected":false},"author":2,"featured_media":1233972,"comment_status":"closed","ping_status":"closed","sticky":false,"template":"","format":"standard","meta":{"footnotes":""},"categories":[18589,18561],"tags":[9199,9321],"class_list":["post-1233968","post","type-post","status-publish","format-standard","has-post-thumbnail","hentry","category-gobierno-de-tlapa","category-society-politics","tag-gilberto-solano-arreaga","tag-gobierno-de-tlapa"],"_links":{"self":[{"href":"https:\/\/www.acapulcopress.com\/index.php\/wp-json\/wp\/v2\/posts\/1233968","targetHints":{"allow":["GET"]}}],"collection":[{"href":"https:\/\/www.acapulcopress.com\/index.php\/wp-json\/wp\/v2\/posts"}],"about":[{"href":"https:\/\/www.acapulcopress.com\/index.php\/wp-json\/wp\/v2\/types\/post"}],"author":[{"embeddable":true,"href":"https:\/\/www.acapulcopress.com\/index.php\/wp-json\/wp\/v2\/users\/2"}],"replies":[{"embeddable":true,"href":"https:\/\/www.acapulcopress.com\/index.php\/wp-json\/wp\/v2\/comments?post=1233968"}],"version-history":[{"count":0,"href":"https:\/\/www.acapulcopress.com\/index.php\/wp-json\/wp\/v2\/posts\/1233968\/revisions"}],"wp:featuredmedia":[{"embeddable":true,"href":"https:\/\/www.acapulcopress.com\/index.php\/wp-json\/"}],"wp:attachment":[{"href":"https:\/\/www.acapulcopress.com\/index.php\/wp-json\/wp\/v2\/media?parent=1233968"}],"wp:term":[{"taxonomy":"category","embeddable":true,"href":"https:\/\/www.acapulcopress.com\/index.php\/wp-json\/wp\/v2\/categories?post=1233968"},{"taxonomy":"post_tag","embeddable":true,"href":"https:\/\/www.acapulcopress.com\/index.php\/wp-json\/wp\/v2\/tags?post=1233968"}],"curies":[{"name":"wp","href":"https:\/\/api.w.org\/{rel}","templated":true}]}}