{"id":1233991,"date":"2021-10-30T01:02:43","date_gmt":"2021-10-30T06:02:43","guid":{"rendered":"https:\/\/www.acapulco.press\/?p=1233991"},"modified":"2021-10-30T01:02:43","modified_gmt":"2021-10-30T06:02:43","slug":"fiscalia-inicia-investigacion-de-periodista-baleado-en-acapulco","status":"publish","type":"post","link":"https:\/\/www.acapulcopress.com\/index.php\/2021\/10\/30\/fiscalia-inicia-investigacion-de-periodista-baleado-en-acapulco\/","title":{"rendered":"Fiscal\u00eda inicia investigaci\u00f3n de periodista baleado en Acapulco"},"content":{"rendered":"<p style=\"text-align: justify;\">CHILPANCINGO * 29 de octubre de 2021.<br \/>\n<em>) FGE.<\/em><br \/>\nLa Fiscal\u00eda General del Estado a trav\u00e9s de la Fiscal\u00eda Regional Acapulco inici\u00f3 la carpeta de investigaci\u00f3n 120302101004392911011 en agravio de Alfredo Cardoso <img loading=\"lazy\" decoding=\"async\" class=\"alignleft size-full wp-image-1233953\" src=\"https:\/\/www.acapulco.press\/wp-content\/uploads\/2021\/10\/Alfredo-Cardoso-Echeverria.jpg\" alt=\"\" width=\"288\" height=\"175\" \/>Echeverr\u00eda por el delito de lesiones por arma de fuego.<\/p>\n<p style=\"text-align: justify;\">De acuerdo al reporte, el agraviado fue encontrado sentado en una banqueta en calle Pez Liza de la colonia Loma Bonita, de la ciudad de Acapulco.<\/p>\n<p style=\"text-align: justify;\">En el lugar fue localizado un casquillo percutido, un casquillo \u00fatil y una ojiva calibre 9mm.<\/p>\n<p style=\"text-align: justify;\">La Fiscal\u00eda General del Estado dar\u00e1 puntual seguimiento a la carpeta de investigaci\u00f3n para ubicar a el o los probables responsables de este hecho.<\/p>\n<p style=\"text-align: justify;\">Es importante se\u00f1alar que se trabaja en coordinaci\u00f3n con el Mecanismo para la Protecci\u00f3n de Personas Defensoras de Derechos Humanos y Periodistas estatal y nacional con el prop\u00f3sito de ofrecer las garant\u00edas al periodista v\u00edctima del delito en Acapulco.<\/p>\n","protected":false},"excerpt":{"rendered":"<p>CHILPANCINGO * 29 de octubre de 2021. ) FGE. La Fiscal\u00eda General del Estado a trav\u00e9s de la Fiscal\u00eda Regional Acapulco inici\u00f3 la carpeta de investigaci\u00f3n 120302101004392911011 en agravio de Alfredo Cardoso Echeverr\u00eda por el delito de lesiones por arma de fuego. De acuerdo al reporte, el agraviado fue encontrado sentado en una banqueta en&#8230;<\/p>\n","protected":false},"author":2,"featured_media":1203771,"comment_status":"closed","ping_status":"closed","sticky":false,"template":"","format":"standard","meta":{"footnotes":""},"categories":[1969,2005],"tags":[],"class_list":["post-1233991","post","type-post","status-publish","format-standard","has-post-thumbnail","hentry","category-trending","category-seguridad-y-justicia"],"_links":{"self":[{"href":"https:\/\/www.acapulcopress.com\/index.php\/wp-json\/wp\/v2\/posts\/1233991","targetHints":{"allow":["GET"]}}],"collection":[{"href":"https:\/\/www.acapulcopress.com\/index.php\/wp-json\/wp\/v2\/posts"}],"about":[{"href":"https:\/\/www.acapulcopress.com\/index.php\/wp-json\/wp\/v2\/types\/post"}],"author":[{"embeddable":true,"href":"https:\/\/www.acapulcopress.com\/index.php\/wp-json\/wp\/v2\/users\/2"}],"replies":[{"embeddable":true,"href":"https:\/\/www.acapulcopress.com\/index.php\/wp-json\/wp\/v2\/comments?post=1233991"}],"version-history":[{"count":0,"href":"https:\/\/www.acapulcopress.com\/index.php\/wp-json\/wp\/v2\/posts\/1233991\/revisions"}],"wp:featuredmedia":[{"embeddable":true,"href":"https:\/\/www.acapulcopress.com\/index.php\/wp-json\/"}],"wp:attachment":[{"href":"https:\/\/www.acapulcopress.com\/index.php\/wp-json\/wp\/v2\/media?parent=1233991"}],"wp:term":[{"taxonomy":"category","embeddable":true,"href":"https:\/\/www.acapulcopress.com\/index.php\/wp-json\/wp\/v2\/categories?post=1233991"},{"taxonomy":"post_tag","embeddable":true,"href":"https:\/\/www.acapulcopress.com\/index.php\/wp-json\/wp\/v2\/tags?post=1233991"}],"curies":[{"name":"wp","href":"https:\/\/api.w.org\/{rel}","templated":true}]}}